{"id":53563,"date":"2022-05-04T12:20:49","date_gmt":"2022-05-04T15:20:49","guid":{"rendered":"https:\/\/www.centraldenoticias.com.ar\/?p=53563"},"modified":"2022-05-04T15:03:13","modified_gmt":"2022-05-04T18:03:13","slug":"secuestran-armas-y-municiones-en-un-allanamiento","status":"publish","type":"post","link":"https:\/\/cdnoticias.com\/index.php\/2022\/05\/04\/secuestran-armas-y-municiones-en-un-allanamiento\/","title":{"rendered":"Secuestran armas y municiones en un allanamiento"},"content":{"rendered":"<p>El operativo se llev\u00f3 a cabo en el marco de una investigaci\u00f3n por un robo.<!--more--><\/p>\n<hr \/>\n<p>Un allanamiento se realiz\u00f3 durante la jornada del martes en una vivienda ubicada en Calle 189 al 2300, en el marco de una <strong>investigaci\u00f3n por un robo.<\/strong><\/p>\n<p>&nbsp;<\/p>\n<p>En el lugar, secuestraron una<strong> escopeta calibre 24, un revolver calibre 22, una escopeta calibre 12 de doble ca\u00f1o, una carabina calibre 22 y m\u00e1s de 360 cartuchos de distinto calibre.<\/strong> Otros elementos secuestrados fueron <strong>un binocular y un handy.<\/strong><\/p>\n<p>&nbsp;<\/p>\n<p>Participaron del operativo, personal del Gabinete de Investigaci\u00f3n de la comisar\u00eda Segunda, personal de la subcomisar\u00eda de Loma Negra, Polic\u00eda Local, Grupo GAD y Subddi Local.<\/p>\n<p>&nbsp;<\/p>\n<p>Todos los elementos secuestrados fueron trasladados a la sede de la comisar\u00eda Segunda a disposici\u00f3n del magistrado interviniente. En tanto, se realizaron las actuaciones de rigor con la persona que vive en el lugar.<\/p>\n<p>&nbsp;<\/p>\n<p>Intervine la <strong>Ayudant\u00eda de Autores Ignorados de Olavarr\u00eda<\/strong>, a cargo de la doctora Mirta Deroni.<\/p>\n<p>&nbsp;<\/p>\n","protected":false},"excerpt":{"rendered":"<p>El operativo se llev\u00f3 a cabo en el marco de una investigaci\u00f3n por un robo.<\/p>\n","protected":false},"author":5,"featured_media":53564,"comment_status":"closed","ping_status":"closed","sticky":false,"template":"","format":"standard","meta":{"_jetpack_memberships_contains_paid_content":false,"footnotes":""},"categories":[14,1],"tags":[],"class_list":["post-53563","post","type-post","status-publish","format-standard","has-post-thumbnail","hentry","category-policiales","category-portada"],"jetpack_featured_media_url":"https:\/\/i0.wp.com\/cdnoticias.com\/wp-content\/uploads\/2022\/05\/WhatsApp-Image-2022-05-04-at-10.37.00-AM.jpeg?fit=806%2C545&ssl=1","jetpack_sharing_enabled":true,"_links":{"self":[{"href":"https:\/\/cdnoticias.com\/index.php\/wp-json\/wp\/v2\/posts\/53563","targetHints":{"allow":["GET"]}}],"collection":[{"href":"https:\/\/cdnoticias.com\/index.php\/wp-json\/wp\/v2\/posts"}],"about":[{"href":"https:\/\/cdnoticias.com\/index.php\/wp-json\/wp\/v2\/types\/post"}],"author":[{"embeddable":true,"href":"https:\/\/cdnoticias.com\/index.php\/wp-json\/wp\/v2\/users\/5"}],"replies":[{"embeddable":true,"href":"https:\/\/cdnoticias.com\/index.php\/wp-json\/wp\/v2\/comments?post=53563"}],"version-history":[{"count":0,"href":"https:\/\/cdnoticias.com\/index.php\/wp-json\/wp\/v2\/posts\/53563\/revisions"}],"wp:featuredmedia":[{"embeddable":true,"href":"https:\/\/cdnoticias.com\/index.php\/wp-json\/wp\/v2\/media\/53564"}],"wp:attachment":[{"href":"https:\/\/cdnoticias.com\/index.php\/wp-json\/wp\/v2\/media?parent=53563"}],"wp:term":[{"taxonomy":"category","embeddable":true,"href":"https:\/\/cdnoticias.com\/index.php\/wp-json\/wp\/v2\/categories?post=53563"},{"taxonomy":"post_tag","embeddable":true,"href":"https:\/\/cdnoticias.com\/index.php\/wp-json\/wp\/v2\/tags?post=53563"}],"curies":[{"name":"wp","href":"https:\/\/api.w.org\/{rel}","templated":true}]}}