{"id":53553,"date":"2022-05-04T09:52:59","date_gmt":"2022-05-04T12:52:59","guid":{"rendered":"https:\/\/www.centraldenoticias.com.ar\/?p=53553"},"modified":"2022-05-04T17:20:33","modified_gmt":"2022-05-04T20:20:33","slug":"ferraro-sobre-las-tuvi-se-cumplio-con-todo-esta-todo-ordenado","status":"publish","type":"post","link":"https:\/\/cdnoticias.com\/index.php\/2022\/05\/04\/ferraro-sobre-las-tuvi-se-cumplio-con-todo-esta-todo-ordenado\/","title":{"rendered":"Ferraro sobre las TUVI: \u201cSe cumpli\u00f3 con todo, est\u00e1 todo ordenado\u201d"},"content":{"rendered":"<p>Habl\u00f3 sobre los plazos de ejecuci\u00f3n de obra en las TUVI industrializadas. Las cr\u00edticas recibidas, el proceso de adjudicaci\u00f3n, la calidad de los materiales. Anunci\u00f3 la continuidad del plan de viviendas con las mismas caracter\u00edsticas y en el Pickelado. <!--more--><\/p>\n<hr \/>\n<p>El <strong>secretario de Obras P\u00fablicas Julio Ferraro<\/strong> habl\u00f3 con <em>Central de Noticias<\/em> sobre la actualidad del plan de viviendas TUVI en su l\u00ednea industrializada, luego de las<a href=\"https:\/\/cdnoticias.com\/index.php\/2022\/05\/02\/tuvi-el-frente-de-todos-pedira-una-sesion-especial-tras-denunciar-irregularidades\/\" target=\"_blank\" rel=\"noopener\"> cr\u00edticas y del pedido de una sesi\u00f3n especial por parte del interbloque Frente de Todos.<\/a><\/p>\n<p>&nbsp;<\/p>\n<p>Aclar\u00f3 que si bien la obra ten\u00eda un plazo de entrega de 6 meses, por distintos motivos como personas con Covid, d\u00edas de lluvia, falta de entrega de materiales,<strong> \u201cesta obra y todas las dem\u00e1s que tenemos en el Municipio, tuvieron un atraso normal\u201d.<\/strong><\/p>\n<p>&nbsp;<\/p>\n<p>Asegur\u00f3 que \u201cson atrasos comunes a todas las empresas que est\u00e1n haciendo, est\u00e1n justificados, no es solamente esta obra, <strong>todas las obras est\u00e1n atrasadas<\/strong>\u201d.<\/p>\n<p>&nbsp;<\/p>\n<p>Dos ejes centrales se cuestionaron en distintas oportunidades por parte de la oposici\u00f3n. Una tiene que ver con el <strong>proceso de adjudicaci\u00f3n<\/strong> y otra con la <strong>calidad de los materiales<\/strong> utilizados.<\/p>\n<p>&nbsp;<\/p>\n<p>Los concejales del Frente de Todos indicaron <strong>\u201cirregularidades con el procedimiento de adjudicaci\u00f3n\u201d<\/strong>. Manifestaron que \u201cno hubo recibo oficial despu\u00e9s del dep\u00f3sito\u201d y \u201cdespu\u00e9s de un tiempo considerable llamaron a firmar un convenio, que no cumple con la ordenanza macro\u201d.<\/p>\n<p>&nbsp;<\/p>\n<p>Ferraro afirm\u00f3 que <strong>\u201ceso est\u00e1 todo ordenado, lo que pasa es que ac\u00e1 te quieren cambiar las cosas. Podemos haber tardado un poco en firmar los convenios, pero una cosa no quita la otra. Siempre hacemos las cosas como dice el reglamento\u201d<\/strong> y volvi\u00f3 a se\u00f1alar: <strong>\u201cse cumpli\u00f3 con todo, est\u00e1 todo ordenando\u201d.<\/strong><\/p>\n<p>&nbsp;<\/p>\n<p>Sobre los materiales utilizados explic\u00f3 que \u201cnosotros elaboramos un<strong> pliego con especificaciones t\u00e9cnicas<\/strong> de c\u00f3mo tienen que ser los materiales y hacemos que se cumpla, tenemos inspecciones para verificar que se cumpla\u201d.<\/p>\n<p>&nbsp;<\/p>\n<p>En referencia al v\u00ednculo sostenido con los adjudicatarios sostuvo que concretaron distintas reuniones. Incluso, indic\u00f3 que la empresa con la representante t\u00e9cnica ingeniera Susana Bair\u00f3 particip\u00f3 de uno de esos encuentros. \u201cEs normal que tengan dudas, desde el Municipio estamos para despejar las dudas y estar al lado de los adjudicatarios\u201d.<\/p>\n<p>&nbsp;<\/p>\n<p>Adem\u00e1s, indic\u00f3 que har\u00e1n la pr\u00f3xima semana una<strong> visita a la obra<\/strong> en diferentes grupos para que los adjudicatarios \u201cvean el nivel de avance y se saquen dudas\u201d.<\/p>\n<p>&nbsp;<\/p>\n<blockquote><p>Ferraro defendi\u00f3 el programa de viviendas y destac\u00f3 que \u201cdesde el Municipio estamos muy contentos de llevar a cabo este plan de viviendas. Yo celebro esto. Tendr\u00edamos que estar todos contentos por esta gran decisi\u00f3n del intendente\u201d.<\/p><\/blockquote>\n<p>&nbsp;<\/p>\n<p><strong>\u201cSabemos que son pocas viviendas, 40 viviendas no van a ser la soluci\u00f3n, pero hay que seguir y estamos seguros de lo que estamos haciendo\u201d<\/strong>, afirm\u00f3. En ese sentido, anunci\u00f3 que <strong>\u201cestamos pensando en una segunda etapa de viviendas TUVI\u201d<\/strong> y explic\u00f3 que ser\u00eda con las mismas caracter\u00edsticas y en el barrio Pickelado, aunque a\u00fan no est\u00e1 determinada la cantidad de casas a construir.<\/p>\n","protected":false},"excerpt":{"rendered":"<p>Habl\u00f3 sobre los plazos de ejecuci\u00f3n de obra en las TUVI industrializadas. Las cr\u00edticas recibidas, el proceso de adjudicaci\u00f3n, la<\/p>\n","protected":false},"author":5,"featured_media":51652,"comment_status":"closed","ping_status":"closed","sticky":false,"template":"","format":"standard","meta":{"_jetpack_memberships_contains_paid_content":false,"footnotes":""},"categories":[5,1],"tags":[],"class_list":["post-53553","post","type-post","status-publish","format-standard","has-post-thumbnail","hentry","category-informacion-general","category-portada"],"jetpack_featured_media_url":"https:\/\/i0.wp.com\/cdnoticias.com\/wp-content\/uploads\/2022\/04\/Obras-Reunion-adjudicatarios-1.jpg?fit=800%2C445&ssl=1","jetpack_sharing_enabled":true,"_links":{"self":[{"href":"https:\/\/cdnoticias.com\/index.php\/wp-json\/wp\/v2\/posts\/53553","targetHints":{"allow":["GET"]}}],"collection":[{"href":"https:\/\/cdnoticias.com\/index.php\/wp-json\/wp\/v2\/posts"}],"about":[{"href":"https:\/\/cdnoticias.com\/index.php\/wp-json\/wp\/v2\/types\/post"}],"author":[{"embeddable":true,"href":"https:\/\/cdnoticias.com\/index.php\/wp-json\/wp\/v2\/users\/5"}],"replies":[{"embeddable":true,"href":"https:\/\/cdnoticias.com\/index.php\/wp-json\/wp\/v2\/comments?post=53553"}],"version-history":[{"count":0,"href":"https:\/\/cdnoticias.com\/index.php\/wp-json\/wp\/v2\/posts\/53553\/revisions"}],"wp:featuredmedia":[{"embeddable":true,"href":"https:\/\/cdnoticias.com\/index.php\/wp-json\/wp\/v2\/media\/51652"}],"wp:attachment":[{"href":"https:\/\/cdnoticias.com\/index.php\/wp-json\/wp\/v2\/media?parent=53553"}],"wp:term":[{"taxonomy":"category","embeddable":true,"href":"https:\/\/cdnoticias.com\/index.php\/wp-json\/wp\/v2\/categories?post=53553"},{"taxonomy":"post_tag","embeddable":true,"href":"https:\/\/cdnoticias.com\/index.php\/wp-json\/wp\/v2\/tags?post=53553"}],"curies":[{"name":"wp","href":"https:\/\/api.w.org\/{rel}","templated":true}]}}