{"id":53499,"date":"2022-05-03T15:59:19","date_gmt":"2022-05-03T18:59:19","guid":{"rendered":"https:\/\/www.centraldenoticias.com.ar\/?p=53499"},"modified":"2022-05-04T07:43:43","modified_gmt":"2022-05-04T10:43:43","slug":"condenas-de-9-y-6-anos-de-prision-para-dos-acusados-de-abuso-sexual-en-una-agencia-de-viajes","status":"publish","type":"post","link":"https:\/\/cdnoticias.com\/index.php\/2022\/05\/03\/condenas-de-9-y-6-anos-de-prision-para-dos-acusados-de-abuso-sexual-en-una-agencia-de-viajes\/","title":{"rendered":"Condenas de 9 y 6 a\u00f1os de prisi\u00f3n para dos acusados de abuso sexual en una agencia de viajes"},"content":{"rendered":"<p>Se trata de N\u00e9stor Pola y Juan Garay. Uno fue condenado por \u201cabuso sexual con acceso carnal\u201d mientras que el segundo por \u201cabuso sexual gravemente ultrajante en grado de tentativa\u201d. <!--more--><\/p>\n<hr \/>\n<p>Este martes, <strong>el Tribunal Oral Criminal N\u00b02 de Azul conden\u00f3 a dos olavarrienses a 9 y 6 a\u00f1os de prisi\u00f3n por un hecho registrado en 2018, cuando abusaron sexualmente de dos adolescentes en una agencia de viajes.<\/strong><\/p>\n<p>&nbsp;<\/p>\n<p>Seg\u00fan logr\u00f3 saber Central de Noticias,<strong> las penas fueron otorgadas a N\u00e9stor Pola por ser autor penalmente responsable de <em>\u201cabuso sexual con acceso carnal\u201d<\/em><\/strong> mientras que <strong>Juan Garay bajo la car\u00e1tula de <em>\u201cabuso sexual gravemente ultrajante en grado de tentativa\u201d.<\/em><\/strong><\/p>\n<p>&nbsp;<\/p>\n<blockquote><p>El juicio, que se desarroll\u00f3 en Azul, tuvo como fiscal al doctor Gustavo Andr\u00e9s Morey, responsable de la UFI N\u00b08 de Tandil. Hab\u00eda pedido las mismas penas que el tribunal finalmente sentenci\u00f3 este martes.<\/p><\/blockquote>\n<p>&nbsp;<\/p>\n<p>Cabe recordar que los hechos se registraron en el a\u00f1o 2018, en el mismo lugar y casi al mismo tiempo, en una agencia de viajes. <strong>Pola y Garay salieron de un boliche junto a las adolescentes (por ese entonces menores de edad) cuando se produjeron los abusos en una agencia de viajes ubicada, por ese entonces, en Belgrano al 3200.<\/strong><\/p>\n<p>&nbsp;<\/p>\n<p>Desde la<strong> Asociaci\u00f3n Civil Animate<\/strong> se lamentaron que en el caso de Garay <em>\u201cseguir\u00e1 en libertad porque seguramente su defensor apelar\u00e1 mientras tanto seguir\u00e1 caminando por las calles libremente\u201d<\/em> aunque<strong> destacaron que \u201c<em>al fin\u201d<\/em> fueron \u201c<em>condenados y culpables\u201d.<\/em><\/strong><\/p>\n","protected":false},"excerpt":{"rendered":"<p>Se trata de N\u00e9stor Pola y Juan Garay. Uno fue condenado por \u201cabuso sexual con acceso carnal\u201d mientras que el<\/p>\n","protected":false},"author":2,"featured_media":12885,"comment_status":"closed","ping_status":"closed","sticky":false,"template":"","format":"standard","meta":{"_jetpack_memberships_contains_paid_content":false,"footnotes":""},"categories":[14,1],"tags":[],"class_list":["post-53499","post","type-post","status-publish","format-standard","has-post-thumbnail","hentry","category-policiales","category-portada"],"jetpack_featured_media_url":"https:\/\/i0.wp.com\/cdnoticias.com\/wp-content\/uploads\/2021\/02\/tribunales-e1748092128270.jpg?fit=791%2C417&ssl=1","jetpack_sharing_enabled":true,"_links":{"self":[{"href":"https:\/\/cdnoticias.com\/index.php\/wp-json\/wp\/v2\/posts\/53499","targetHints":{"allow":["GET"]}}],"collection":[{"href":"https:\/\/cdnoticias.com\/index.php\/wp-json\/wp\/v2\/posts"}],"about":[{"href":"https:\/\/cdnoticias.com\/index.php\/wp-json\/wp\/v2\/types\/post"}],"author":[{"embeddable":true,"href":"https:\/\/cdnoticias.com\/index.php\/wp-json\/wp\/v2\/users\/2"}],"replies":[{"embeddable":true,"href":"https:\/\/cdnoticias.com\/index.php\/wp-json\/wp\/v2\/comments?post=53499"}],"version-history":[{"count":0,"href":"https:\/\/cdnoticias.com\/index.php\/wp-json\/wp\/v2\/posts\/53499\/revisions"}],"wp:featuredmedia":[{"embeddable":true,"href":"https:\/\/cdnoticias.com\/index.php\/wp-json\/wp\/v2\/media\/12885"}],"wp:attachment":[{"href":"https:\/\/cdnoticias.com\/index.php\/wp-json\/wp\/v2\/media?parent=53499"}],"wp:term":[{"taxonomy":"category","embeddable":true,"href":"https:\/\/cdnoticias.com\/index.php\/wp-json\/wp\/v2\/categories?post=53499"},{"taxonomy":"post_tag","embeddable":true,"href":"https:\/\/cdnoticias.com\/index.php\/wp-json\/wp\/v2\/tags?post=53499"}],"curies":[{"name":"wp","href":"https:\/\/api.w.org\/{rel}","templated":true}]}}