{"id":53479,"date":"2022-05-03T13:02:29","date_gmt":"2022-05-03T16:02:29","guid":{"rendered":"https:\/\/www.centraldenoticias.com.ar\/?p=53479"},"modified":"2022-05-03T13:02:29","modified_gmt":"2022-05-03T16:02:29","slug":"nuestro-objetivo-es-tratar-de-hacer-democratico-el-acceso-a-la-cultura","status":"publish","type":"post","link":"https:\/\/cdnoticias.com\/index.php\/2022\/05\/03\/nuestro-objetivo-es-tratar-de-hacer-democratico-el-acceso-a-la-cultura\/","title":{"rendered":"\u201cNuestro objetivo es tratar de hacer democr\u00e1tico el acceso a la cultura\u201d"},"content":{"rendered":"<p>As\u00ed lo expres\u00f3 el director del Museo Itinerante de Fotograf\u00eda que estar\u00e1 presente en el Paseo Jes\u00fas Mend\u00eda hasta el 8 de mayo. Cuenta con obras de artistas nacionales y la participaci\u00f3n de fot\u00f3grafos de Olavarr\u00eda.<!--more--><\/p>\n<hr \/>\n<p>Este martes se realiz\u00f3 la apertura del<strong> Museo Itinerante de Fotograf\u00eda<\/strong> en nuestra ciudad. Estuvo presente el intendente Ezequiel Galli, el subsecretario de Cultura y Educaci\u00f3n Bruno Cenizo, el secretario de Desarrollo Humano y Calidad de Vida Diego Robbiani y la directora de Gesti\u00f3n Cultural Agustina Marino<\/p>\n<p>&nbsp;<\/p>\n<p>La propuesta consiste en un tr\u00e1iler cultural, de <strong>acceso libre y gratuito<\/strong>, que recorre todo el pa\u00eds para dar a conocer una muestra de fotograf\u00eda argentina que contempla autores de diferentes generaciones y estilos.<\/p>\n<p>&nbsp;<\/p>\n<blockquote><p>En Olavarr\u00eda se encontrar\u00e1 emplazado en el Paseo Jes\u00fas Mend\u00eda hasta el 8 de mayo en el horario de 11 a 13 y de 17 a 21. Adem\u00e1s, se sumaron de forma digital obras de fot\u00f3grafos locales.<\/p><\/blockquote>\n<p>&nbsp;<\/p>\n<p><img data-recalc-dims=\"1\" loading=\"lazy\" decoding=\"async\" class=\"aligncenter size-full wp-image-53484\" src=\"https:\/\/i0.wp.com\/cdnoticias.com\/wp-content\/uploads\/2022\/05\/FOLA04.jpg?resize=800%2C480&#038;ssl=1\" alt=\"\" width=\"800\" height=\"480\" srcset=\"https:\/\/i0.wp.com\/cdnoticias.com\/wp-content\/uploads\/2022\/05\/FOLA04.jpg?w=1600&amp;ssl=1 1600w, https:\/\/i0.wp.com\/cdnoticias.com\/wp-content\/uploads\/2022\/05\/FOLA04.jpg?resize=300%2C180&amp;ssl=1 300w, https:\/\/i0.wp.com\/cdnoticias.com\/wp-content\/uploads\/2022\/05\/FOLA04.jpg?resize=1024%2C614&amp;ssl=1 1024w, https:\/\/i0.wp.com\/cdnoticias.com\/wp-content\/uploads\/2022\/05\/FOLA04.jpg?resize=768%2C461&amp;ssl=1 768w, https:\/\/i0.wp.com\/cdnoticias.com\/wp-content\/uploads\/2022\/05\/FOLA04.jpg?resize=1536%2C922&amp;ssl=1 1536w\" sizes=\"auto, (max-width: 800px) 100vw, 800px\" \/><\/p>\n<p>&nbsp;<\/p>\n<p>El director del museo, <strong>Gast\u00f3n Delau<\/strong> explic\u00f3 que <strong>\u201ctuvimos que reinventarnos. Ten\u00edamos un espacio f\u00edsico en Palermo y se transform\u00f3 en este museo itinerante. Ahora el museo viene hacia la gente, es nuestro prop\u00f3sito durante todo el a\u00f1o\u201d.<\/strong><\/p>\n<p>&nbsp;<\/p>\n<p>\u201cCuando llegamos me di cuenta de que esto iba a ser una linda experiencia. Llegamos cerca del mediod\u00eda y vimos la salida de este colegio, un mar de gente, chiquitos corriendo por ac\u00e1 y estoy seguro de que cuando vean este aparato digan qu\u00e9 es y aunque sea por curiosidad entren\u201d, relat\u00f3 y agreg\u00f3: \u201ctal vez no entiendan el concepto de museo itinerante pero simplemente subir las escaleras, entrar y salir les va a generar alguna experiencia que seguramente no se la van a olvidar.<\/p>\n<p>&nbsp;<\/p>\n<p><img data-recalc-dims=\"1\" loading=\"lazy\" decoding=\"async\" class=\"aligncenter size-full wp-image-53481\" src=\"https:\/\/i0.wp.com\/cdnoticias.com\/wp-content\/uploads\/2022\/05\/FOLA09.jpg?resize=800%2C480&#038;ssl=1\" alt=\"\" width=\"800\" height=\"480\" srcset=\"https:\/\/i0.wp.com\/cdnoticias.com\/wp-content\/uploads\/2022\/05\/FOLA09.jpg?w=1600&amp;ssl=1 1600w, https:\/\/i0.wp.com\/cdnoticias.com\/wp-content\/uploads\/2022\/05\/FOLA09.jpg?resize=300%2C180&amp;ssl=1 300w, https:\/\/i0.wp.com\/cdnoticias.com\/wp-content\/uploads\/2022\/05\/FOLA09.jpg?resize=1024%2C614&amp;ssl=1 1024w, https:\/\/i0.wp.com\/cdnoticias.com\/wp-content\/uploads\/2022\/05\/FOLA09.jpg?resize=768%2C461&amp;ssl=1 768w, https:\/\/i0.wp.com\/cdnoticias.com\/wp-content\/uploads\/2022\/05\/FOLA09.jpg?resize=1536%2C922&amp;ssl=1 1536w\" sizes=\"auto, (max-width: 800px) 100vw, 800px\" \/><\/p>\n<p>&nbsp;<\/p>\n<blockquote><p>Nuestro objetivo es tratar de hacer democr\u00e1tico el acceso a la cultura. Es una forma genuina y sensible que a la gente le gusta.<\/p><\/blockquote>\n<p>&nbsp;<\/p>\n<p><img data-recalc-dims=\"1\" loading=\"lazy\" decoding=\"async\" class=\"aligncenter size-full wp-image-53482\" src=\"https:\/\/i0.wp.com\/cdnoticias.com\/wp-content\/uploads\/2022\/05\/FOLA06.jpg?resize=800%2C480&#038;ssl=1\" alt=\"\" width=\"800\" height=\"480\" srcset=\"https:\/\/i0.wp.com\/cdnoticias.com\/wp-content\/uploads\/2022\/05\/FOLA06.jpg?w=1600&amp;ssl=1 1600w, https:\/\/i0.wp.com\/cdnoticias.com\/wp-content\/uploads\/2022\/05\/FOLA06.jpg?resize=300%2C180&amp;ssl=1 300w, https:\/\/i0.wp.com\/cdnoticias.com\/wp-content\/uploads\/2022\/05\/FOLA06.jpg?resize=1024%2C614&amp;ssl=1 1024w, https:\/\/i0.wp.com\/cdnoticias.com\/wp-content\/uploads\/2022\/05\/FOLA06.jpg?resize=768%2C461&amp;ssl=1 768w, https:\/\/i0.wp.com\/cdnoticias.com\/wp-content\/uploads\/2022\/05\/FOLA06.jpg?resize=1536%2C922&amp;ssl=1 1536w\" sizes=\"auto, (max-width: 800px) 100vw, 800px\" \/><\/p>\n<p>&nbsp;<\/p>\n<p>Por su parte, el intendente Ezequiel Galli resalt\u00f3 las caracter\u00edsticas de la propuesta que <strong>\u201ctiene artistas consagrados por un lado y tambi\u00e9n fot\u00f3grafos olavarrienses que vienen a presentar su obra\u201d.<\/strong><\/p>\n<p>&nbsp;<\/p>\n<p>\u201cPor este punto pasan el cien por ciento de los olavarrienses cuando vienen a hacer un tr\u00e1mite, cuando salen de trabajar y tengo muchas expectativas con que muchos vecinos puedan disfrutar de esta obra\u201d, concluy\u00f3.<\/p>\n","protected":false},"excerpt":{"rendered":"<p>As\u00ed lo expres\u00f3 el director del Museo Itinerante de Fotograf\u00eda que estar\u00e1 presente en el Paseo Jes\u00fas Mend\u00eda hasta el<\/p>\n","protected":false},"author":5,"featured_media":53480,"comment_status":"closed","ping_status":"closed","sticky":false,"template":"","format":"standard","meta":{"_jetpack_memberships_contains_paid_content":false,"footnotes":""},"categories":[9,1],"tags":[],"class_list":["post-53479","post","type-post","status-publish","format-standard","has-post-thumbnail","hentry","category-cultura","category-portada"],"jetpack_featured_media_url":"https:\/\/i0.wp.com\/cdnoticias.com\/wp-content\/uploads\/2022\/05\/FOLA10.jpg?fit=1600%2C960&ssl=1","jetpack_sharing_enabled":true,"_links":{"self":[{"href":"https:\/\/cdnoticias.com\/index.php\/wp-json\/wp\/v2\/posts\/53479","targetHints":{"allow":["GET"]}}],"collection":[{"href":"https:\/\/cdnoticias.com\/index.php\/wp-json\/wp\/v2\/posts"}],"about":[{"href":"https:\/\/cdnoticias.com\/index.php\/wp-json\/wp\/v2\/types\/post"}],"author":[{"embeddable":true,"href":"https:\/\/cdnoticias.com\/index.php\/wp-json\/wp\/v2\/users\/5"}],"replies":[{"embeddable":true,"href":"https:\/\/cdnoticias.com\/index.php\/wp-json\/wp\/v2\/comments?post=53479"}],"version-history":[{"count":0,"href":"https:\/\/cdnoticias.com\/index.php\/wp-json\/wp\/v2\/posts\/53479\/revisions"}],"wp:featuredmedia":[{"embeddable":true,"href":"https:\/\/cdnoticias.com\/index.php\/wp-json\/wp\/v2\/media\/53480"}],"wp:attachment":[{"href":"https:\/\/cdnoticias.com\/index.php\/wp-json\/wp\/v2\/media?parent=53479"}],"wp:term":[{"taxonomy":"category","embeddable":true,"href":"https:\/\/cdnoticias.com\/index.php\/wp-json\/wp\/v2\/categories?post=53479"},{"taxonomy":"post_tag","embeddable":true,"href":"https:\/\/cdnoticias.com\/index.php\/wp-json\/wp\/v2\/tags?post=53479"}],"curies":[{"name":"wp","href":"https:\/\/api.w.org\/{rel}","templated":true}]}}