{"id":53470,"date":"2022-05-03T11:58:24","date_gmt":"2022-05-03T14:58:24","guid":{"rendered":"https:\/\/www.centraldenoticias.com.ar\/?p=53470"},"modified":"2022-05-03T15:59:28","modified_gmt":"2022-05-03T18:59:28","slug":"desde-obras-publicas-respondieron-a-los-concejales-del-frente-de-todos","status":"publish","type":"post","link":"https:\/\/cdnoticias.com\/index.php\/2022\/05\/03\/desde-obras-publicas-respondieron-a-los-concejales-del-frente-de-todos\/","title":{"rendered":"TUVI: desde Obras P\u00fablicas respondieron a los concejales del Frente de Todos"},"content":{"rendered":"<p>Habl\u00f3 el subsecretario Gonzalo Ortiz: \u201ces il\u00f3gico el pedido de suspender la construcci\u00f3n de viviendas\u201d. No hubo respuesta ante la denuncia por incumplimiento de la ordenanza 4.583\/20.<!--more--><\/p>\n<hr \/>\n<p><strong>\u201cLos vecinos ven a un Gobierno Municipal decidido a abordar la problem\u00e1tica habitacional\u201d sostuvo el subsecretario de Obras y Servicios P\u00fablicos del Gobierno Municipal, Gonzalo Ortiz<\/strong>, en referencia al plan de viviendas TUVI y <a href=\"https:\/\/cdnoticias.com\/index.php\/2022\/05\/02\/tuvi-el-frente-de-todos-pedira-una-sesion-especial-tras-denunciar-irregularidades\/\" target=\"_blank\" rel=\"noopener\">en respuesta a los planteos del interbloque Frente de Todos<\/a>.<\/p>\n<p>&nbsp;<\/p>\n<p>Se dieron a conocer de manera oficial <strong>las consideraciones del Ejecutivo municipal sobre los cuestionamientos de la bancada opositora<\/strong>. Hubo <strong>rechazo al planteo de \u201csuspensi\u00f3n de la obra\u201d<\/strong> y se adelant\u00f3 que <strong>la semana que viene habr\u00e1 dos d\u00edas de \u201cvisita a la obra\u201d<\/strong> para los adjudicatarios.<\/p>\n<p>&nbsp;<\/p>\n<p>No obstante, <strong>no hubo respuesta a la aseveraci\u00f3n de los concejales del Frente de Todos acerca de \u201cincumplimiento\u201d de la ordenanza 4.583\/20<\/strong> que cre\u00f3 el programa TUVI en cuanto al contenido de los convenios individuales con los adjudicatarios.<\/p>\n<p>&nbsp;<\/p>\n<p><img data-recalc-dims=\"1\" loading=\"lazy\" decoding=\"async\" class=\"size-full wp-image-51653 aligncenter\" src=\"https:\/\/i0.wp.com\/cdnoticias.com\/wp-content\/uploads\/2022\/04\/Obras-Reunion-adjudicatarios-2.jpg?resize=800%2C445&#038;ssl=1\" alt=\"\" width=\"800\" height=\"445\" srcset=\"https:\/\/i0.wp.com\/cdnoticias.com\/wp-content\/uploads\/2022\/04\/Obras-Reunion-adjudicatarios-2.jpg?w=800&amp;ssl=1 800w, https:\/\/i0.wp.com\/cdnoticias.com\/wp-content\/uploads\/2022\/04\/Obras-Reunion-adjudicatarios-2.jpg?resize=300%2C167&amp;ssl=1 300w, https:\/\/i0.wp.com\/cdnoticias.com\/wp-content\/uploads\/2022\/04\/Obras-Reunion-adjudicatarios-2.jpg?resize=768%2C427&amp;ssl=1 768w\" sizes=\"auto, (max-width: 800px) 100vw, 800px\" \/><\/p>\n<p>&nbsp;<\/p>\n<p><strong>Contacto y respuesta a los adjudicatarios<\/strong><\/p>\n<p>&nbsp;<\/p>\n<p>El subsecretario Ortiz expres\u00f3: <strong>\u201cdesde el Municipio estamos manteniendo reuniones peri\u00f3dicas con los adjudicatarios de las viviendas<\/strong> para que se conozcan las cuestiones t\u00e9cnicas y el avance de la obra\u201d. Cabe recordar que hasta ahora hubo dos reuniones: una a mediados de marzo y <a href=\"https:\/\/cdnoticias.com\/index.php\/2022\/04\/13\/los-adjudicatarios-de-las-viviendas-tuvi-industrializadas-hablaron-con-ferraro\/\" target=\"_blank\" rel=\"noopener\">otra a mediados de abril<\/a>. A principios de abril, <a href=\"https:\/\/cdnoticias.com\/index.php\/2022\/04\/17\/la-politica-no-tiene-la-casa-muy-en-orden-que-digamos\/\" target=\"_blank\" rel=\"noopener\">una de las adjudicatarias envi\u00f3 una carta documento<\/a> en la que intim\u00f3 a la firma de los convenios individuales, <a href=\"https:\/\/cdnoticias.com\/index.php\/2022\/04\/22\/tuvi-firmaron-los-adjudicatarios-de-las-viviendas-industrializadas\/\" target=\"_blank\" rel=\"noopener\">lo cual se hizo el mes pasado<\/a>.<\/p>\n<p>&nbsp;<\/p>\n<p>\u201cEn las reuniones, adem\u00e1s de los profesionales de la Secretar\u00eda de Obras P\u00fablicas del Gobierno Municipal <strong>estuvo presente la ingeniera Susana Bair\u00f3 en representaci\u00f3n t\u00e9cnica de la empresa\u201d<\/strong>, agreg\u00f3 Ortiz. Cabe se\u00f1alar que tambi\u00e9n estuvo quien se present\u00f3 como due\u00f1o de la empresa, Mariano Escobedo.<\/p>\n<p>&nbsp;<\/p>\n<blockquote><p>Asimismo, el funcionario municipal indic\u00f3 que \u201cdurante el encuentro acordamos con los adjudicatarios una visita a la obra para los d\u00edas 10 y 11 de mayo. Esta visita la consensuamos la semana pasada en una de las reuniones\u201d.<\/p><\/blockquote>\n<p>&nbsp;<\/p>\n<p>Con respecto al expediente del Plan TUVI, <strong>Ortiz explic\u00f3 que \u201cya hemos aclarado que los concejales de la oposici\u00f3n tuvieron acceso al expediente porque no hay nada que ocultar\u201d<\/strong>. En el mismo sentido <a href=\"https:\/\/cdnoticias.com\/index.php\/2022\/04\/24\/ezequiel-galli-los-que-tienen-que-conducir-miran-para-otro-lado\/\" target=\"_blank\" rel=\"noopener\">se hab\u00eda expresado el intendente Ezequiel Galli hace dos semanas<\/a>: <strong>\u201cvienen a pedir un expediente y la verdad que no hay manera de criticar un expediente que est\u00e1 bien trabajado\u201d.<\/strong><\/p>\n<p>&nbsp;<\/p>\n<p><img data-recalc-dims=\"1\" loading=\"lazy\" decoding=\"async\" class=\"size-large wp-image-39667 aligncenter\" src=\"https:\/\/i0.wp.com\/cdnoticias.com\/wp-content\/uploads\/2021\/11\/Obras-Construccion-TuVi-Industrializadas-1-scaled.jpg?resize=800%2C534&#038;ssl=1\" alt=\"\" width=\"800\" height=\"534\" srcset=\"https:\/\/i0.wp.com\/cdnoticias.com\/wp-content\/uploads\/2021\/11\/Obras-Construccion-TuVi-Industrializadas-1-scaled.jpg?resize=1024%2C684&amp;ssl=1 1024w, https:\/\/i0.wp.com\/cdnoticias.com\/wp-content\/uploads\/2021\/11\/Obras-Construccion-TuVi-Industrializadas-1-scaled.jpg?resize=300%2C201&amp;ssl=1 300w, https:\/\/i0.wp.com\/cdnoticias.com\/wp-content\/uploads\/2021\/11\/Obras-Construccion-TuVi-Industrializadas-1-scaled.jpg?resize=768%2C513&amp;ssl=1 768w, https:\/\/i0.wp.com\/cdnoticias.com\/wp-content\/uploads\/2021\/11\/Obras-Construccion-TuVi-Industrializadas-1-scaled.jpg?resize=272%2C182&amp;ssl=1 272w, https:\/\/i0.wp.com\/cdnoticias.com\/wp-content\/uploads\/2021\/11\/Obras-Construccion-TuVi-Industrializadas-1-scaled.jpg?w=1600&amp;ssl=1 1600w, https:\/\/i0.wp.com\/cdnoticias.com\/wp-content\/uploads\/2021\/11\/Obras-Construccion-TuVi-Industrializadas-1-scaled.jpg?w=2400&amp;ssl=1 2400w\" sizes=\"auto, (max-width: 800px) 100vw, 800px\" \/><\/p>\n<p>&nbsp;<\/p>\n<blockquote><p>En cuanto a la solicitud de suspender la obra, el subsecretario argument\u00f3 que \u201ces il\u00f3gico el pedido de suspender la construcci\u00f3n de viviendas. Esto no har\u00eda m\u00e1s que demorar la obra y\u00a0 perjudicar a los vecinos en el sue\u00f1o de la casa propia\u201d.<\/p><\/blockquote>\n<p>&nbsp;<\/p>\n<p>Adem\u00e1s, Gonzalo Ortiz asegur\u00f3 que \u201cla pol\u00edtica habitacional de la gesti\u00f3n del intendente Ezequiel Galli <strong>pretende ser una pol\u00edtica p\u00fablica que contin\u00fae a trav\u00e9s de los a\u00f1os<\/strong> y que no se entorpezca por mezquindades partidarias\u201d.<\/p>\n<p>&nbsp;<\/p>\n<p>Tambi\u00e9n el mismo jefe comunal adelant\u00f3 que ya se defini\u00f3 el emplazamiento para la siguiente fase de este plan de vivienda. Sobre ello,<strong> Ortiz coment\u00f3 que \u201cestamos trabajando en la segunda etapa del plan de viviendas TUVI que se iniciar\u00e1 este a\u00f1o<\/strong> y va a generar m\u00e1s soluciones habitacionales a vecinos del Partido y mano de obra local\u201d.<\/p>\n<p>&nbsp;<\/p>\n<p><img data-recalc-dims=\"1\" loading=\"lazy\" decoding=\"async\" class=\"size-large wp-image-52458 aligncenter\" src=\"https:\/\/i0.wp.com\/cdnoticias.com\/wp-content\/uploads\/2022\/04\/Firma-TUVI-1.jpg?resize=800%2C480&#038;ssl=1\" alt=\"\" width=\"800\" height=\"480\" srcset=\"https:\/\/i0.wp.com\/cdnoticias.com\/wp-content\/uploads\/2022\/04\/Firma-TUVI-1.jpg?resize=1024%2C615&amp;ssl=1 1024w, https:\/\/i0.wp.com\/cdnoticias.com\/wp-content\/uploads\/2022\/04\/Firma-TUVI-1.jpg?resize=300%2C180&amp;ssl=1 300w, https:\/\/i0.wp.com\/cdnoticias.com\/wp-content\/uploads\/2022\/04\/Firma-TUVI-1.jpg?resize=768%2C461&amp;ssl=1 768w, https:\/\/i0.wp.com\/cdnoticias.com\/wp-content\/uploads\/2022\/04\/Firma-TUVI-1.jpg?w=1058&amp;ssl=1 1058w\" sizes=\"auto, (max-width: 800px) 100vw, 800px\" \/><\/p>\n<p>&nbsp;<\/p>\n<blockquote><p>Finalmente, record\u00f3 que \u201cseguimos tambi\u00e9n con la construcci\u00f3n de 20 viviendas con sistema tradicional que avanza a buen ritmo y con estas nuevas 40 viviendas estamos dando inicio al primer plan de viviendas de municipal que es muy importante para la gesti\u00f3n y, sobre todo, para los vecinos que ven a un Gobierno Municipal decidido a abordar la problem\u00e1tica habitacional\u201d.<\/p><\/blockquote>\n<p>&nbsp;<\/p>\n<p>El subsecretario de Obras P\u00fablicas expuso que <strong>\u201cen 2022 estamos llevando a cabo m\u00e1s de 40 obras en todo el Partido de Olavarr\u00eda<\/strong> con planificaci\u00f3n y un equipo de trabajo atr\u00e1s que respalda nuestra vocaci\u00f3n de mejorar la calidad de vida de los vecinos\u201d.\u00a0Por \u00faltimo, remarc\u00f3: \u201ctrabajamos todos los d\u00edas en la proyecci\u00f3n y en la ejecuci\u00f3n de las obras. <strong>No nos eligieron los vecinos para hacer anuncios medi\u00e1ticos. Estamos para acercar soluciones\u201d<\/strong>.<\/p>\n","protected":false},"excerpt":{"rendered":"<p>Habl\u00f3 el subsecretario Gonzalo Ortiz: \u201ces il\u00f3gico el pedido de suspender la construcci\u00f3n de viviendas\u201d. No hubo respuesta ante la<\/p>\n","protected":false},"author":4,"featured_media":51652,"comment_status":"closed","ping_status":"closed","sticky":false,"template":"","format":"standard","meta":{"_jetpack_memberships_contains_paid_content":false,"footnotes":""},"categories":[5,1],"tags":[],"class_list":["post-53470","post","type-post","status-publish","format-standard","has-post-thumbnail","hentry","category-informacion-general","category-portada"],"jetpack_featured_media_url":"https:\/\/i0.wp.com\/cdnoticias.com\/wp-content\/uploads\/2022\/04\/Obras-Reunion-adjudicatarios-1.jpg?fit=800%2C445&ssl=1","jetpack_sharing_enabled":true,"_links":{"self":[{"href":"https:\/\/cdnoticias.com\/index.php\/wp-json\/wp\/v2\/posts\/53470","targetHints":{"allow":["GET"]}}],"collection":[{"href":"https:\/\/cdnoticias.com\/index.php\/wp-json\/wp\/v2\/posts"}],"about":[{"href":"https:\/\/cdnoticias.com\/index.php\/wp-json\/wp\/v2\/types\/post"}],"author":[{"embeddable":true,"href":"https:\/\/cdnoticias.com\/index.php\/wp-json\/wp\/v2\/users\/4"}],"replies":[{"embeddable":true,"href":"https:\/\/cdnoticias.com\/index.php\/wp-json\/wp\/v2\/comments?post=53470"}],"version-history":[{"count":0,"href":"https:\/\/cdnoticias.com\/index.php\/wp-json\/wp\/v2\/posts\/53470\/revisions"}],"wp:featuredmedia":[{"embeddable":true,"href":"https:\/\/cdnoticias.com\/index.php\/wp-json\/wp\/v2\/media\/51652"}],"wp:attachment":[{"href":"https:\/\/cdnoticias.com\/index.php\/wp-json\/wp\/v2\/media?parent=53470"}],"wp:term":[{"taxonomy":"category","embeddable":true,"href":"https:\/\/cdnoticias.com\/index.php\/wp-json\/wp\/v2\/categories?post=53470"},{"taxonomy":"post_tag","embeddable":true,"href":"https:\/\/cdnoticias.com\/index.php\/wp-json\/wp\/v2\/tags?post=53470"}],"curies":[{"name":"wp","href":"https:\/\/api.w.org\/{rel}","templated":true}]}}