{"id":53452,"date":"2022-05-03T08:17:56","date_gmt":"2022-05-03T11:17:56","guid":{"rendered":"https:\/\/www.centraldenoticias.com.ar\/?p=53452"},"modified":"2022-05-03T09:58:53","modified_gmt":"2022-05-03T12:58:53","slug":"el-inadi-lanzo-escuelas-sin-discriminacion","status":"publish","type":"post","link":"https:\/\/cdnoticias.com\/index.php\/2022\/05\/03\/el-inadi-lanzo-escuelas-sin-discriminacion\/","title":{"rendered":"El INADI lanz\u00f3 \u201cEscuelas Sin Discriminaci\u00f3n\u201d"},"content":{"rendered":"<p>La delegaci\u00f3n local del organismo pondr\u00e1 a disposici\u00f3n de las escuelas herramientas y materiales que servir\u00e1n para el desarrollo de actividades \u00e1ulicas. Este lanzamiento se dio en el &#8220;D\u00eda Internacional contra el Acoso Escolar&#8221;.<!--more--><\/p>\n<hr \/>\n<p><strong>El INADI lanz\u00f3 \u201cEscuelas Sin Discriminaci\u00f3n\u201d este lunes en el marco de la conmemoraci\u00f3n del &#8220;D\u00eda Internacional contra el Acoso Escolar&#8221;<\/strong>.\u00a0 Fue en la sede de la Iglesia Cosecha Mundial.<\/p>\n<p>&nbsp;<\/p>\n<p>El <strong>subdelegado regional del INADI, Norberto Almeida<\/strong>, encabez\u00f3 la campa\u00f1a federal &#8220;Escuelas sin Discriminaci\u00f3n&#8221; en nuestra ciudad, con el objetivo de fortalecer la instituci\u00f3n educativa como espacio prioritario para <strong>garantizar la equidad en el acceso a la educaci\u00f3n de todas las infancias y juventudes<\/strong>.<\/p>\n<p>&nbsp;<\/p>\n<p><img data-recalc-dims=\"1\" loading=\"lazy\" decoding=\"async\" class=\"size-full wp-image-53455 aligncenter\" src=\"https:\/\/i0.wp.com\/cdnoticias.com\/wp-content\/uploads\/2022\/05\/INADI-escuelas-sin-discriminacion-01.jpg?resize=800%2C445&#038;ssl=1\" alt=\"\" width=\"800\" height=\"445\" srcset=\"https:\/\/i0.wp.com\/cdnoticias.com\/wp-content\/uploads\/2022\/05\/INADI-escuelas-sin-discriminacion-01.jpg?w=800&amp;ssl=1 800w, https:\/\/i0.wp.com\/cdnoticias.com\/wp-content\/uploads\/2022\/05\/INADI-escuelas-sin-discriminacion-01.jpg?resize=300%2C167&amp;ssl=1 300w, https:\/\/i0.wp.com\/cdnoticias.com\/wp-content\/uploads\/2022\/05\/INADI-escuelas-sin-discriminacion-01.jpg?resize=768%2C427&amp;ssl=1 768w\" sizes=\"auto, (max-width: 800px) 100vw, 800px\" \/><\/p>\n<p>&nbsp;<\/p>\n<p>Durante la jornada <strong>se dieron a conocer las herramientas y materiales que servir\u00e1n para el desarrollo de actividades \u00e1ulicas<\/strong> y los documentos que se pueden descargar para acompa\u00f1ar las diferentes propuestas escolares.<\/p>\n<p>&nbsp;<\/p>\n<blockquote><p>\u201cEstamos muy contentos por la c\u00e1lida recepci\u00f3n de las diferentes instituciones y son much\u00edsimas las escuelas que se han puesto en contacto con el organismo para abordar esta problem\u00e1tica en conjunto. De las denuncias que son presentadas en el INADI la mayor\u00eda proviene del \u00e1mbito educativo, por eso es tan importante esta campa\u00f1a nacional\u201d, destac\u00f3 Almeida.<\/p><\/blockquote>\n<p>&nbsp;<\/p>\n<p><img data-recalc-dims=\"1\" loading=\"lazy\" decoding=\"async\" class=\"size-full wp-image-53456 aligncenter\" src=\"https:\/\/i0.wp.com\/cdnoticias.com\/wp-content\/uploads\/2022\/05\/INADI-escuelas-sin-discriminacion-02.jpg?resize=800%2C445&#038;ssl=1\" alt=\"\" width=\"800\" height=\"445\" srcset=\"https:\/\/i0.wp.com\/cdnoticias.com\/wp-content\/uploads\/2022\/05\/INADI-escuelas-sin-discriminacion-02.jpg?w=800&amp;ssl=1 800w, https:\/\/i0.wp.com\/cdnoticias.com\/wp-content\/uploads\/2022\/05\/INADI-escuelas-sin-discriminacion-02.jpg?resize=300%2C167&amp;ssl=1 300w, https:\/\/i0.wp.com\/cdnoticias.com\/wp-content\/uploads\/2022\/05\/INADI-escuelas-sin-discriminacion-02.jpg?resize=768%2C427&amp;ssl=1 768w\" sizes=\"auto, (max-width: 800px) 100vw, 800px\" \/><\/p>\n<p>&nbsp;<\/p>\n<p>La propuesta continuar\u00e1 con <strong>encuentros de formaci\u00f3n para replicadores, charlas y talleres de sensibilizaci\u00f3n en las escuelas<\/strong>. Adem\u00e1s se realizar\u00e1 la entrega de materiales escolares (entrevistas a referentes, glosario audiovisual, secuencias did\u00e1cticas, etc.).<\/p>\n<p>&nbsp;<\/p>\n<p>Participaron de la actividad el <strong>Jefe Distrital de Educaci\u00f3n Julio Benitez, la Jefa regional de DIEGEP Romina Altafini<\/strong>, el Diputado Provincial Cesar Valicenti, el titular de ANSES Olavarr\u00eda Maximiliano Wesner, el funcionario provincial Subsecretario Federico Aguilera, Consejeros Escolares, Inspectores, directores\/as de centros complementarios, directores\/as de establecimientos educativos de gesti\u00f3n estatal y privada, preceptores\/as, docentes y Equipos Orientadores Escolares.<\/p>\n<p><img data-recalc-dims=\"1\" loading=\"lazy\" decoding=\"async\" class=\"size-full wp-image-53453 aligncenter\" src=\"https:\/\/i0.wp.com\/cdnoticias.com\/wp-content\/uploads\/2022\/05\/INADI-escuelas-sin-discriminacion-03.jpg?resize=800%2C445&#038;ssl=1\" alt=\"\" width=\"800\" height=\"445\" srcset=\"https:\/\/i0.wp.com\/cdnoticias.com\/wp-content\/uploads\/2022\/05\/INADI-escuelas-sin-discriminacion-03.jpg?w=800&amp;ssl=1 800w, https:\/\/i0.wp.com\/cdnoticias.com\/wp-content\/uploads\/2022\/05\/INADI-escuelas-sin-discriminacion-03.jpg?resize=300%2C167&amp;ssl=1 300w, https:\/\/i0.wp.com\/cdnoticias.com\/wp-content\/uploads\/2022\/05\/INADI-escuelas-sin-discriminacion-03.jpg?resize=768%2C427&amp;ssl=1 768w\" sizes=\"auto, (max-width: 800px) 100vw, 800px\" \/><\/p>\n","protected":false},"excerpt":{"rendered":"<p>La delegaci\u00f3n local del organismo pondr\u00e1 a disposici\u00f3n de las escuelas herramientas y materiales que servir\u00e1n para el desarrollo de<\/p>\n","protected":false},"author":4,"featured_media":53454,"comment_status":"closed","ping_status":"closed","sticky":false,"template":"","format":"standard","meta":{"_jetpack_memberships_contains_paid_content":false,"footnotes":""},"categories":[5,1],"tags":[],"class_list":["post-53452","post","type-post","status-publish","format-standard","has-post-thumbnail","hentry","category-informacion-general","category-portada"],"jetpack_featured_media_url":"https:\/\/i0.wp.com\/cdnoticias.com\/wp-content\/uploads\/2022\/05\/INADI-escuelas-sin-discriminacion-00.jpg?fit=800%2C445&ssl=1","jetpack_sharing_enabled":true,"_links":{"self":[{"href":"https:\/\/cdnoticias.com\/index.php\/wp-json\/wp\/v2\/posts\/53452","targetHints":{"allow":["GET"]}}],"collection":[{"href":"https:\/\/cdnoticias.com\/index.php\/wp-json\/wp\/v2\/posts"}],"about":[{"href":"https:\/\/cdnoticias.com\/index.php\/wp-json\/wp\/v2\/types\/post"}],"author":[{"embeddable":true,"href":"https:\/\/cdnoticias.com\/index.php\/wp-json\/wp\/v2\/users\/4"}],"replies":[{"embeddable":true,"href":"https:\/\/cdnoticias.com\/index.php\/wp-json\/wp\/v2\/comments?post=53452"}],"version-history":[{"count":0,"href":"https:\/\/cdnoticias.com\/index.php\/wp-json\/wp\/v2\/posts\/53452\/revisions"}],"wp:featuredmedia":[{"embeddable":true,"href":"https:\/\/cdnoticias.com\/index.php\/wp-json\/wp\/v2\/media\/53454"}],"wp:attachment":[{"href":"https:\/\/cdnoticias.com\/index.php\/wp-json\/wp\/v2\/media?parent=53452"}],"wp:term":[{"taxonomy":"category","embeddable":true,"href":"https:\/\/cdnoticias.com\/index.php\/wp-json\/wp\/v2\/categories?post=53452"},{"taxonomy":"post_tag","embeddable":true,"href":"https:\/\/cdnoticias.com\/index.php\/wp-json\/wp\/v2\/tags?post=53452"}],"curies":[{"name":"wp","href":"https:\/\/api.w.org\/{rel}","templated":true}]}}