{"id":53440,"date":"2022-05-02T20:55:26","date_gmt":"2022-05-02T23:55:26","guid":{"rendered":"https:\/\/www.centraldenoticias.com.ar\/?p=53440"},"modified":"2022-05-02T20:55:26","modified_gmt":"2022-05-02T23:55:26","slug":"rosa-grillo-viuda-de-mazzeo-rosita-q-e-p-d","status":"publish","type":"post","link":"https:\/\/cdnoticias.com\/index.php\/2022\/05\/02\/rosa-grillo-viuda-de-mazzeo-rosita-q-e-p-d\/","title":{"rendered":"Rosa Grillo viuda de Mazzeo &#8221;Rosita&#8221; (Q.E.P.D.)"},"content":{"rendered":"<p>Falleci\u00f3 en Olavarr\u00eda el 2 de mayo de 2022 a los 98 a\u00f1os. Sus hijos Pascual, Jos\u00e9 Alberto y Catalina Alicia Mazzeo; sus hijos pol\u00edticos Juana Taberner y Marta Bruni; sus nietos Rosita Esther, Jos\u00e9, Fernando, Juliana, Martin y Nicol\u00e1s Mazzeo; Yanina y Mauricio Scigliano; sus nietos pol\u00edticos German, Laura, Mora, Hugo, Pablo y Micaela; sus bisnietos Gonzalo, Atina y Maria Victoria, Faustina, Rafaela, Amelia, Valentino, Bruno, Lara, Francisco, Julia, Joaqu\u00edn y Tom\u00e1s; sus bisnietos pol\u00edticos; sus colaboradoras Lidia, Patricia y Nora, sus sobrinos y dem\u00e1s deudos participan su fallecimiento.<\/p>\n<p>&nbsp;<\/p>\n<p>Sus restos ser\u00e1n velados en la sala de Espa\u00f1a 2942 departamento \u201cC\u201d este martes desde las 09:30 horas e inhumados en el Cementerio Loma de Paz, previo responso en la Iglesia Monte Viggiano, a las 14:30 horas. Servicio adherido a Coopelectric.<\/p>\n<p>&nbsp;<\/p>\n<p>Nacida en Zaccanopoli, Italia, vecina de Pueblo Nuevo, jubilada.<\/p>\n","protected":false},"excerpt":{"rendered":"<p>Falleci\u00f3 en Olavarr\u00eda el 2 de mayo de 2022 a los 98 a\u00f1os. Sus hijos Pascual, Jos\u00e9 Alberto y Catalina<\/p>\n","protected":false},"author":2,"featured_media":51544,"comment_status":"closed","ping_status":"closed","sticky":false,"template":"","format":"standard","meta":{"_jetpack_memberships_contains_paid_content":false,"footnotes":""},"categories":[10],"tags":[],"class_list":["post-53440","post","type-post","status-publish","format-standard","has-post-thumbnail","hentry","category-necrologicas"],"jetpack_featured_media_url":"https:\/\/i0.wp.com\/cdnoticias.com\/wp-content\/uploads\/2022\/04\/necrologicas-390-x-240.jpg?fit=390%2C240&ssl=1","jetpack_sharing_enabled":true,"_links":{"self":[{"href":"https:\/\/cdnoticias.com\/index.php\/wp-json\/wp\/v2\/posts\/53440","targetHints":{"allow":["GET"]}}],"collection":[{"href":"https:\/\/cdnoticias.com\/index.php\/wp-json\/wp\/v2\/posts"}],"about":[{"href":"https:\/\/cdnoticias.com\/index.php\/wp-json\/wp\/v2\/types\/post"}],"author":[{"embeddable":true,"href":"https:\/\/cdnoticias.com\/index.php\/wp-json\/wp\/v2\/users\/2"}],"replies":[{"embeddable":true,"href":"https:\/\/cdnoticias.com\/index.php\/wp-json\/wp\/v2\/comments?post=53440"}],"version-history":[{"count":0,"href":"https:\/\/cdnoticias.com\/index.php\/wp-json\/wp\/v2\/posts\/53440\/revisions"}],"wp:featuredmedia":[{"embeddable":true,"href":"https:\/\/cdnoticias.com\/index.php\/wp-json\/wp\/v2\/media\/51544"}],"wp:attachment":[{"href":"https:\/\/cdnoticias.com\/index.php\/wp-json\/wp\/v2\/media?parent=53440"}],"wp:term":[{"taxonomy":"category","embeddable":true,"href":"https:\/\/cdnoticias.com\/index.php\/wp-json\/wp\/v2\/categories?post=53440"},{"taxonomy":"post_tag","embeddable":true,"href":"https:\/\/cdnoticias.com\/index.php\/wp-json\/wp\/v2\/tags?post=53440"}],"curies":[{"name":"wp","href":"https:\/\/api.w.org\/{rel}","templated":true}]}}