{"id":5343,"date":"2020-10-31T20:19:11","date_gmt":"2020-10-31T23:19:11","guid":{"rendered":"http:\/\/www.centraldenoticias.com.ar\/?p=5343"},"modified":"2020-10-31T20:19:11","modified_gmt":"2020-10-31T23:19:11","slug":"emergencia-sanitaria-59-nuevos-casos-de-covid-en-olavarria","status":"publish","type":"post","link":"https:\/\/cdnoticias.com\/index.php\/2020\/10\/31\/emergencia-sanitaria-59-nuevos-casos-de-covid-en-olavarria\/","title":{"rendered":"Emergencia Sanitaria: 59 nuevos casos de COVID en Olavarr\u00eda"},"content":{"rendered":"<p>As\u00ed lo confirmaron desde el \u00e1rea de Salud este s\u00e1bado. Del total, 32 corresponden al programa RTA del Paseo de la Salud. Hay personal de comercios, f\u00e1bricas, seguridad y nexos con positivos. Hay 36 internados. \u00a0<!--more--><\/p>\n<hr \/>\n<p>Informado por autoridades de Salud Municipal, <strong>se registraron este s\u00e1bado 59 nuevos casos de COVID en Olavarr\u00eda. En paralelo, 113 personas obtuvieron el alta<\/strong> y se suman al <a href=\"https:\/\/cdnoticias.com\/index.php\/2020\/10\/31\/este-sabado-se-registro-un-nuevo-fallecido-por-covid-19\/\" target=\"_blank\" rel=\"noopener\">lamentable fallecimiento de un hombre de 62 a\u00f1os.<\/a><\/p>\n<p>&nbsp;<\/p>\n<p>Seg\u00fan se inform\u00f3, del total de casos <a href=\"https:\/\/cdnoticias.com\/index.php\/2020\/10\/31\/testeos-intensivos-se-realizaron-150-hisopados-en-el-paseo-de-la-salud\/\" target=\"_blank\" rel=\"noopener\">32 corresponden al programa RTA que este s\u00e1bado estuvo en el Paseo de la Salud.<\/a> Actualmente, <strong>hay 573 personas transcurriendo la enfermedad en Olavarr\u00eda.<\/strong><\/p>\n<p>&nbsp;<\/p>\n<blockquote><p>Restan confirmar 77 casos denominados sospechosos. Un dato informado por el Municipio es que se realizaron m\u00e1s de 8.900 hisopados desde el inicio de la pandemia.<\/p><\/blockquote>\n<p>&nbsp;<\/p>\n<p>Los positivos de hoy corresponden a<em> \u201cpersonal de comercios, f\u00e1bricas, de seguridad y a nexos con positivos anteriores\u201d.<\/em><\/p>\n<p>&nbsp;<\/p>\n<p>En materia ocupacional del Hospital,<strong> hay 36 personas internadas: 9 en terapia intensiva, 23 en cuidados generales (o la denominada Cl\u00ednica COVID), 2 en el \u00e1rea de Salud Mental y otros 2 en Pediatr\u00eda.<\/strong> La ocupaci\u00f3n se encuentra, en las salas principales, en el orden del 60%.<\/p>\n<p>&nbsp;<\/p>\n<p>Finalmente, <strong>se inform\u00f3 que el 88% de los casos positivos corresponden a personas con menos de 60 a\u00f1os y el 12% a mayores de 60 a\u00f1os.<\/strong><\/p>\n","protected":false},"excerpt":{"rendered":"<p>As\u00ed lo confirmaron desde el \u00e1rea de Salud este s\u00e1bado. Del total, 32 corresponden al programa RTA del Paseo de<\/p>\n","protected":false},"author":2,"featured_media":619,"comment_status":"closed","ping_status":"closed","sticky":false,"template":"","format":"standard","meta":{"_jetpack_memberships_contains_paid_content":false,"footnotes":""},"categories":[5,1],"tags":[],"class_list":["post-5343","post","type-post","status-publish","format-standard","has-post-thumbnail","hentry","category-informacion-general","category-portada"],"jetpack_featured_media_url":"https:\/\/i0.wp.com\/cdnoticias.com\/wp-content\/uploads\/2020\/09\/HospitalMunicipal2.jpg?fit=4608%2C3072&ssl=1","jetpack_sharing_enabled":true,"_links":{"self":[{"href":"https:\/\/cdnoticias.com\/index.php\/wp-json\/wp\/v2\/posts\/5343","targetHints":{"allow":["GET"]}}],"collection":[{"href":"https:\/\/cdnoticias.com\/index.php\/wp-json\/wp\/v2\/posts"}],"about":[{"href":"https:\/\/cdnoticias.com\/index.php\/wp-json\/wp\/v2\/types\/post"}],"author":[{"embeddable":true,"href":"https:\/\/cdnoticias.com\/index.php\/wp-json\/wp\/v2\/users\/2"}],"replies":[{"embeddable":true,"href":"https:\/\/cdnoticias.com\/index.php\/wp-json\/wp\/v2\/comments?post=5343"}],"version-history":[{"count":0,"href":"https:\/\/cdnoticias.com\/index.php\/wp-json\/wp\/v2\/posts\/5343\/revisions"}],"wp:featuredmedia":[{"embeddable":true,"href":"https:\/\/cdnoticias.com\/index.php\/wp-json\/wp\/v2\/media\/619"}],"wp:attachment":[{"href":"https:\/\/cdnoticias.com\/index.php\/wp-json\/wp\/v2\/media?parent=5343"}],"wp:term":[{"taxonomy":"category","embeddable":true,"href":"https:\/\/cdnoticias.com\/index.php\/wp-json\/wp\/v2\/categories?post=5343"},{"taxonomy":"post_tag","embeddable":true,"href":"https:\/\/cdnoticias.com\/index.php\/wp-json\/wp\/v2\/tags?post=5343"}],"curies":[{"name":"wp","href":"https:\/\/api.w.org\/{rel}","templated":true}]}}