{"id":53413,"date":"2022-05-03T07:55:42","date_gmt":"2022-05-03T10:55:42","guid":{"rendered":"https:\/\/www.centraldenoticias.com.ar\/?p=53413"},"modified":"2022-05-03T08:27:37","modified_gmt":"2022-05-03T11:27:37","slug":"el-hcd-aprobo-dos-proyectos-de-foro-olavarria-en-sierras-bayas-e-hinojo","status":"publish","type":"post","link":"https:\/\/cdnoticias.com\/index.php\/2022\/05\/03\/el-hcd-aprobo-dos-proyectos-de-foro-olavarria-en-sierras-bayas-e-hinojo\/","title":{"rendered":"El HCD aprob\u00f3 dos proyectos de Foro Olavarr\u00eda &#8211; FR para obras en Sierras Bayas e Hinojo"},"content":{"rendered":"<p>De forma un\u00e1nime, la iniciativa del bloque conformado por la concejala In\u00e9s Creimer y el concejal Gast\u00f3n Sarachu fue aprobada en la sesi\u00f3n del pasado jueves.<!--more--><\/p>\n<hr \/>\n<p>&nbsp;<\/p>\n<p>En la cuarta sesi\u00f3n ordinaria del Concejo Deliberante <strong>fueron aprobados de forma un\u00e1nime dos proyectos de Resoluci\u00f3n impulsados por el bloque Foro Olavarr\u00eda &#8211; Frente Renovador,<\/strong> en el interbloque Frente de Todos.<\/p>\n<p>&nbsp;<\/p>\n<p>La iniciativa del <strong>bloque conformado por la concejala In\u00e9s Creimer y el concejal Gast\u00f3n Sarachu <\/strong>fue aprobada en la sesi\u00f3n del pasado jueves. <strong>Los proyectos solicitaban al Ejecutivo obras en calles de Sierras Bayas e Hinojo.<\/strong><\/p>\n<p>&nbsp;<\/p>\n<p>Con tratamiento conjunto, se solicit\u00f3 al Ejecutivo obras en las localidades de Sierras Bayas e Hinojo, a trav\u00e9s de los expedientes N\u00ba 116\/22 y N\u00ba 117\/22, respectivamente. Se solicitaron obras en calles de los Barrios Catriel, Obrero y Qu\u00edmico de Sierras Bayas y la construcci\u00f3n de cord\u00f3n cuneta en el sector comprendido por las calles L. Lasalle, Guillermo Brown, y C. Italia, del barrio de la\u00a0 Cooperativa de Viviendas en Hinojo.<\/p>\n<p>&nbsp;<\/p>\n<p>La concejala<strong> In\u00e9s Creimer<\/strong> fue quien tom\u00f3 la palabra y se\u00f1al\u00f3 que<strong> \u201cal recorrer las calles de Hinojo y Sierras Bayas podemos ver que se presentan en p\u00e9simo estado\u201d<\/strong>. \u201cSobre todo en Sierras Bayas, dada la pendiente de sus calles por cuestiones naturales, cuando llueve, el agua hace que algunos sectores sean intransitables al acumularse y no permitir siquiera que los vecinos ingresen a sus casas\u201d, explic\u00f3 la edil. Para finalizar su exposici\u00f3n, la concejala Creimer sentenci\u00f3 \u201cestos proyectos de Resoluci\u00f3n piden que tambi\u00e9n nos fijemos que, <strong>dentro de la promoci\u00f3n del turismo, las localidades est\u00e9n en condiciones, fundamentalmente para los vecinos que las habitan\u201d.<\/strong><\/p>\n","protected":false},"excerpt":{"rendered":"<p>De forma un\u00e1nime, la iniciativa del bloque conformado por la concejala In\u00e9s Creimer y el concejal Gast\u00f3n Sarachu fue aprobada<\/p>\n","protected":false},"author":6,"featured_media":53414,"comment_status":"closed","ping_status":"closed","sticky":false,"template":"","format":"standard","meta":{"_jetpack_memberships_contains_paid_content":false,"footnotes":""},"categories":[4],"tags":[],"class_list":["post-53413","post","type-post","status-publish","format-standard","has-post-thumbnail","hentry","category-politica"],"jetpack_featured_media_url":"https:\/\/i0.wp.com\/cdnoticias.com\/wp-content\/uploads\/2022\/05\/IMG-20220428-WA0031.jpg?fit=800%2C500&ssl=1","jetpack_sharing_enabled":true,"_links":{"self":[{"href":"https:\/\/cdnoticias.com\/index.php\/wp-json\/wp\/v2\/posts\/53413","targetHints":{"allow":["GET"]}}],"collection":[{"href":"https:\/\/cdnoticias.com\/index.php\/wp-json\/wp\/v2\/posts"}],"about":[{"href":"https:\/\/cdnoticias.com\/index.php\/wp-json\/wp\/v2\/types\/post"}],"author":[{"embeddable":true,"href":"https:\/\/cdnoticias.com\/index.php\/wp-json\/wp\/v2\/users\/6"}],"replies":[{"embeddable":true,"href":"https:\/\/cdnoticias.com\/index.php\/wp-json\/wp\/v2\/comments?post=53413"}],"version-history":[{"count":0,"href":"https:\/\/cdnoticias.com\/index.php\/wp-json\/wp\/v2\/posts\/53413\/revisions"}],"wp:featuredmedia":[{"embeddable":true,"href":"https:\/\/cdnoticias.com\/index.php\/wp-json\/wp\/v2\/media\/53414"}],"wp:attachment":[{"href":"https:\/\/cdnoticias.com\/index.php\/wp-json\/wp\/v2\/media?parent=53413"}],"wp:term":[{"taxonomy":"category","embeddable":true,"href":"https:\/\/cdnoticias.com\/index.php\/wp-json\/wp\/v2\/categories?post=53413"},{"taxonomy":"post_tag","embeddable":true,"href":"https:\/\/cdnoticias.com\/index.php\/wp-json\/wp\/v2\/tags?post=53413"}],"curies":[{"name":"wp","href":"https:\/\/api.w.org\/{rel}","templated":true}]}}