{"id":53382,"date":"2022-05-02T10:37:57","date_gmt":"2022-05-02T13:37:57","guid":{"rendered":"https:\/\/www.centraldenoticias.com.ar\/?p=53382"},"modified":"2022-05-02T14:37:16","modified_gmt":"2022-05-02T17:37:16","slug":"se-interrumpio-el-suministro-de-agua-en-barrio-ceco","status":"publish","type":"post","link":"https:\/\/cdnoticias.com\/index.php\/2022\/05\/02\/se-interrumpio-el-suministro-de-agua-en-barrio-ceco\/","title":{"rendered":"Se interrumpi\u00f3 el suministro de agua en barrio CECO"},"content":{"rendered":"<p>Lo inform\u00f3 Coopelectric: la medida se tom\u00f3 para realizar una reparaci\u00f3n de emergencia en La Rioja y Avellaneda.<!--more--><\/p>\n<hr \/>\n<p>El servicio de Obras Sanitarias de Coopelectric inform\u00f3 que<strong> se interrumpi\u00f3 el suministro de agua en el barrio CECO I.<\/strong><\/p>\n<p>&nbsp;<\/p>\n<blockquote><p>Se aclar\u00f3 que tal medida se aplic\u00f3 a fin de \u201cpoder realizar una reparaci\u00f3n de emergencia en la ca\u00f1er\u00eda ubicada en la intersecci\u00f3n de La Rioja y Av. Avellaneda\u201d.<\/p><\/blockquote>\n<p>&nbsp;<\/p>\n<p><strong>Una vez finalizada la reparaci\u00f3n, el servicio ser\u00e1 restituido.<\/strong><\/p>\n","protected":false},"excerpt":{"rendered":"<p>Lo inform\u00f3 Coopelectric: la medida se tom\u00f3 para realizar una reparaci\u00f3n de emergencia en La Rioja y Avellaneda.<\/p>\n","protected":false},"author":4,"featured_media":26881,"comment_status":"closed","ping_status":"closed","sticky":false,"template":"","format":"standard","meta":{"_jetpack_memberships_contains_paid_content":false,"footnotes":""},"categories":[5],"tags":[],"class_list":["post-53382","post","type-post","status-publish","format-standard","has-post-thumbnail","hentry","category-informacion-general"],"jetpack_featured_media_url":"https:\/\/i0.wp.com\/cdnoticias.com\/wp-content\/uploads\/2021\/07\/coopelectric00.jpg?fit=800%2C445&ssl=1","jetpack_sharing_enabled":true,"_links":{"self":[{"href":"https:\/\/cdnoticias.com\/index.php\/wp-json\/wp\/v2\/posts\/53382","targetHints":{"allow":["GET"]}}],"collection":[{"href":"https:\/\/cdnoticias.com\/index.php\/wp-json\/wp\/v2\/posts"}],"about":[{"href":"https:\/\/cdnoticias.com\/index.php\/wp-json\/wp\/v2\/types\/post"}],"author":[{"embeddable":true,"href":"https:\/\/cdnoticias.com\/index.php\/wp-json\/wp\/v2\/users\/4"}],"replies":[{"embeddable":true,"href":"https:\/\/cdnoticias.com\/index.php\/wp-json\/wp\/v2\/comments?post=53382"}],"version-history":[{"count":0,"href":"https:\/\/cdnoticias.com\/index.php\/wp-json\/wp\/v2\/posts\/53382\/revisions"}],"wp:featuredmedia":[{"embeddable":true,"href":"https:\/\/cdnoticias.com\/index.php\/wp-json\/wp\/v2\/media\/26881"}],"wp:attachment":[{"href":"https:\/\/cdnoticias.com\/index.php\/wp-json\/wp\/v2\/media?parent=53382"}],"wp:term":[{"taxonomy":"category","embeddable":true,"href":"https:\/\/cdnoticias.com\/index.php\/wp-json\/wp\/v2\/categories?post=53382"},{"taxonomy":"post_tag","embeddable":true,"href":"https:\/\/cdnoticias.com\/index.php\/wp-json\/wp\/v2\/tags?post=53382"}],"curies":[{"name":"wp","href":"https:\/\/api.w.org\/{rel}","templated":true}]}}