{"id":53371,"date":"2022-05-02T11:45:14","date_gmt":"2022-05-02T14:45:14","guid":{"rendered":"https:\/\/www.centraldenoticias.com.ar\/?p=53371"},"modified":"2022-05-03T07:41:08","modified_gmt":"2022-05-03T10:41:08","slug":"el-mte-propone-un-proyecto-de-ordenanza-para-regularizar-la-venta-ambulante","status":"publish","type":"post","link":"https:\/\/cdnoticias.com\/index.php\/2022\/05\/02\/el-mte-propone-un-proyecto-de-ordenanza-para-regularizar-la-venta-ambulante\/","title":{"rendered":"El MTE propone un proyecto de ordenanza para regularizar la venta ambulante"},"content":{"rendered":"<p>Fue anunciado en el marco del D\u00eda del Trabajador. \u201cTrabajar en la calle no es delito, es el pan en nuestra mesa\u201d, indicaron.<!--more--><\/p>\n<hr \/>\n<p>El Movimiento de Trabajadores Excluidos (MTE) propusieron un <strong>proyecto de ordenanza<\/strong> para el trabajo conjunto con el cuerpo legislativo y organizaciones de feriantes y vendedores ambulantes.<\/p>\n<p>&nbsp;<\/p>\n<p>La propuesta se dio a conocer en el marco de la conmemoraci\u00f3n del D\u00eda del Trabajador y del aniversario de la Feria de la econom\u00eda popular que impulsa el espacio.<\/p>\n<p>&nbsp;<\/p>\n<p><strong>\u201cProponemos una base para empezar a trabajar un proyecto que regularice el sector de vendedores ambulantes\u201d<\/strong>, se\u00f1alaron y agregaron: \u201cla ciudad proh\u00edbe la venta en la calle desde el a\u00f1o 1984 d\u00f3nde el mundo era completamente distinto, con niveles de desempleo much\u00edsimo menores\u201d.<\/p>\n<p>&nbsp;<\/p>\n<p><img data-recalc-dims=\"1\" loading=\"lazy\" decoding=\"async\" class=\"aligncenter size-full wp-image-53372\" src=\"https:\/\/i0.wp.com\/cdnoticias.com\/wp-content\/uploads\/2022\/05\/279492300_2101057776720318_5200770045539703278_n.jpg?resize=800%2C480&#038;ssl=1\" alt=\"\" width=\"800\" height=\"480\" srcset=\"https:\/\/i0.wp.com\/cdnoticias.com\/wp-content\/uploads\/2022\/05\/279492300_2101057776720318_5200770045539703278_n.jpg?w=850&amp;ssl=1 850w, https:\/\/i0.wp.com\/cdnoticias.com\/wp-content\/uploads\/2022\/05\/279492300_2101057776720318_5200770045539703278_n.jpg?resize=300%2C180&amp;ssl=1 300w, https:\/\/i0.wp.com\/cdnoticias.com\/wp-content\/uploads\/2022\/05\/279492300_2101057776720318_5200770045539703278_n.jpg?resize=768%2C461&amp;ssl=1 768w\" sizes=\"auto, (max-width: 800px) 100vw, 800px\" \/><\/p>\n<p>&nbsp;<\/p>\n<p>\u201cHoy, donde la actividad se instal\u00f3 c\u00f3mo sustento econ\u00f3mico de much\u00edsimas familias, donde mucha gente se tuvo que inventar este trabajo para vivir, <strong>es hora de trabajar para actualizar la ley<\/strong>\u201d, afirmaron.<\/p>\n<p>&nbsp;<\/p>\n<p>\u201cTrabajar en la calle no es delito, es el pan en nuestra mesa\u201d, concluyeron.<\/p>\n","protected":false},"excerpt":{"rendered":"<p>Fue anunciado en el marco del D\u00eda del Trabajador. \u201cTrabajar en la calle no es delito, es el pan en<\/p>\n","protected":false},"author":5,"featured_media":35179,"comment_status":"closed","ping_status":"closed","sticky":false,"template":"","format":"standard","meta":{"_jetpack_memberships_contains_paid_content":false,"footnotes":""},"categories":[5,1],"tags":[],"class_list":["post-53371","post","type-post","status-publish","format-standard","has-post-thumbnail","hentry","category-informacion-general","category-portada"],"jetpack_featured_media_url":"https:\/\/i0.wp.com\/cdnoticias.com\/wp-content\/uploads\/2021\/10\/mte-feria.jpg?fit=1440%2C953&ssl=1","jetpack_sharing_enabled":true,"_links":{"self":[{"href":"https:\/\/cdnoticias.com\/index.php\/wp-json\/wp\/v2\/posts\/53371","targetHints":{"allow":["GET"]}}],"collection":[{"href":"https:\/\/cdnoticias.com\/index.php\/wp-json\/wp\/v2\/posts"}],"about":[{"href":"https:\/\/cdnoticias.com\/index.php\/wp-json\/wp\/v2\/types\/post"}],"author":[{"embeddable":true,"href":"https:\/\/cdnoticias.com\/index.php\/wp-json\/wp\/v2\/users\/5"}],"replies":[{"embeddable":true,"href":"https:\/\/cdnoticias.com\/index.php\/wp-json\/wp\/v2\/comments?post=53371"}],"version-history":[{"count":0,"href":"https:\/\/cdnoticias.com\/index.php\/wp-json\/wp\/v2\/posts\/53371\/revisions"}],"wp:featuredmedia":[{"embeddable":true,"href":"https:\/\/cdnoticias.com\/index.php\/wp-json\/wp\/v2\/media\/35179"}],"wp:attachment":[{"href":"https:\/\/cdnoticias.com\/index.php\/wp-json\/wp\/v2\/media?parent=53371"}],"wp:term":[{"taxonomy":"category","embeddable":true,"href":"https:\/\/cdnoticias.com\/index.php\/wp-json\/wp\/v2\/categories?post=53371"},{"taxonomy":"post_tag","embeddable":true,"href":"https:\/\/cdnoticias.com\/index.php\/wp-json\/wp\/v2\/tags?post=53371"}],"curies":[{"name":"wp","href":"https:\/\/api.w.org\/{rel}","templated":true}]}}