{"id":53357,"date":"2022-05-03T09:40:09","date_gmt":"2022-05-03T12:40:09","guid":{"rendered":"https:\/\/www.centraldenoticias.com.ar\/?p=53357"},"modified":"2022-05-03T09:40:09","modified_gmt":"2022-05-03T12:40:09","slug":"proponen-cambios-para-la-ordenanza-del-concejo-deliberante-estudiantil","status":"publish","type":"post","link":"https:\/\/cdnoticias.com\/index.php\/2022\/05\/03\/proponen-cambios-para-la-ordenanza-del-concejo-deliberante-estudiantil\/","title":{"rendered":"Proponen cambios para la ordenanza del Concejo Deliberante Estudiantil"},"content":{"rendered":"<p>Los concejales de la comisi\u00f3n de Educaci\u00f3n recibieron a los inspectores Jefa Regional M\u00f3nica Wagner, Jefe Distrital, Julio Ben\u00edtez y de Nivel Secundario, Sandra Ju\u00e1rez.<!--more--><\/p>\n<hr \/>\n<p><strong>La comisi\u00f3n de Educaci\u00f3n del HCD, que preside la concejal Maite Salerno<\/strong>, se reuni\u00f3 la semana pasada con autoridades educativas para comenzar a trabajar en la <strong>modificaci\u00f3n de la ordenanza que crea y regula el funcionamiento del Concejo Deliberante Estudiantil<\/strong>.<\/p>\n<p>&nbsp;<\/p>\n<p>Para el inicio del trabajo fueron convocados a la reuni\u00f3n<em> la Inspectora Jefe Regional M\u00f3nica Wagner, el Inspector Jefe Distrital, Julio Ben\u00edtez y la Inspectora de Nivel Secundario, Sandra Ju\u00e1rez<\/em>.<\/p>\n<p>&nbsp;<\/p>\n<blockquote><p>En esta primera reuni\u00f3n la comisi\u00f3n de educaci\u00f3n escuch\u00f3 la propuesta de los Inspectores para la nueva edici\u00f3n del Concejo Deliberante Estudiantil y se acord\u00f3 continuar sumando opiniones de otros integrantes de la comunidad educativa. El objetivo es \u201clograr un trabajo conjunto para la realizaci\u00f3n de todas las modificaciones necesarias a la ordenanza vigente y su posterior puesta en funcionamiento\u201d se indic\u00f3.<\/p><\/blockquote>\n<p>&nbsp;<\/p>\n<p>Se acord\u00f3 adem\u00e1s que <strong>para la pr\u00f3xima reuni\u00f3n ser\u00e1n convocados referentes del \u00e1mbito privado de la educaci\u00f3n<\/strong>.<\/p>\n<p>&nbsp;<\/p>\n<p><img data-recalc-dims=\"1\" loading=\"lazy\" decoding=\"async\" class=\"size-large wp-image-53358 aligncenter\" src=\"https:\/\/i0.wp.com\/cdnoticias.com\/wp-content\/uploads\/2022\/05\/HCD-Comision-de-Educacion-2.jpg?resize=800%2C418&#038;ssl=1\" alt=\"\" width=\"800\" height=\"418\" srcset=\"https:\/\/i0.wp.com\/cdnoticias.com\/wp-content\/uploads\/2022\/05\/HCD-Comision-de-Educacion-2.jpg?resize=1024%2C535&amp;ssl=1 1024w, https:\/\/i0.wp.com\/cdnoticias.com\/wp-content\/uploads\/2022\/05\/HCD-Comision-de-Educacion-2.jpg?resize=300%2C157&amp;ssl=1 300w, https:\/\/i0.wp.com\/cdnoticias.com\/wp-content\/uploads\/2022\/05\/HCD-Comision-de-Educacion-2.jpg?resize=768%2C401&amp;ssl=1 768w, https:\/\/i0.wp.com\/cdnoticias.com\/wp-content\/uploads\/2022\/05\/HCD-Comision-de-Educacion-2.jpg?resize=1536%2C802&amp;ssl=1 1536w, https:\/\/i0.wp.com\/cdnoticias.com\/wp-content\/uploads\/2022\/05\/HCD-Comision-de-Educacion-2.jpg?resize=390%2C205&amp;ssl=1 390w, https:\/\/i0.wp.com\/cdnoticias.com\/wp-content\/uploads\/2022\/05\/HCD-Comision-de-Educacion-2.jpg?w=1871&amp;ssl=1 1871w, https:\/\/i0.wp.com\/cdnoticias.com\/wp-content\/uploads\/2022\/05\/HCD-Comision-de-Educacion-2.jpg?w=1600&amp;ssl=1 1600w\" sizes=\"auto, (max-width: 800px) 100vw, 800px\" \/><\/p>\n<p>&nbsp;<\/p>\n<p>Integran la comisi\u00f3n de Educaci\u00f3n: <em>Maite Salerno, Bel\u00e9n Vergel, Miriam Mosescu, In\u00e9s Creimer, Telma Cazot y Natalia \u00c1lvarez<\/em>.<\/p>\n<p>&nbsp;<\/p>\n<p><strong>Sobre el Concejo Deliberante Estudiantil<\/strong><\/p>\n<p>&nbsp;<\/p>\n<p>En Olavarr\u00eda el Concejo Deliberante Estudiantil qued\u00f3<strong> establecido por la ordenanza 3.180\/09, y comenz\u00f3 a implementarse desde 2011<\/strong>. En ediciones anteriores <strong>han participado alrededor de 30 escuelas secundarias<\/strong> del Partido de Olavarr\u00eda, tanto del \u00e1mbito p\u00fablico y privado<\/p>\n<p>&nbsp;<\/p>\n<p>La modalidad implica, que cada instituci\u00f3n educativa elija un representante, un alumno del establecimiento que tenga entre 15 y 18 a\u00f1os. <strong>Ese alumno ser\u00e1 \u201cconcejal\u201d hasta finalizado el proceso<\/strong>. Del mismo modo, cada escuela presentar\u00e1 un proyecto que el concejal estudiantil deber\u00e1 desarrollar frente a sus pares de otros colegios, en reuniones de comisi\u00f3n y posteriormente en las sesiones.<\/p>\n","protected":false},"excerpt":{"rendered":"<p>Los concejales de la comisi\u00f3n de Educaci\u00f3n recibieron a los inspectores Jefa Regional M\u00f3nica Wagner, Jefe Distrital, Julio Ben\u00edtez y<\/p>\n","protected":false},"author":4,"featured_media":53359,"comment_status":"closed","ping_status":"closed","sticky":false,"template":"","format":"standard","meta":{"_jetpack_memberships_contains_paid_content":false,"footnotes":""},"categories":[4,1],"tags":[],"class_list":["post-53357","post","type-post","status-publish","format-standard","has-post-thumbnail","hentry","category-politica","category-portada"],"jetpack_featured_media_url":"https:\/\/i0.wp.com\/cdnoticias.com\/wp-content\/uploads\/2022\/05\/HCD-Comision-de-Educacion-1.jpg?fit=1855%2C1051&ssl=1","jetpack_sharing_enabled":true,"_links":{"self":[{"href":"https:\/\/cdnoticias.com\/index.php\/wp-json\/wp\/v2\/posts\/53357","targetHints":{"allow":["GET"]}}],"collection":[{"href":"https:\/\/cdnoticias.com\/index.php\/wp-json\/wp\/v2\/posts"}],"about":[{"href":"https:\/\/cdnoticias.com\/index.php\/wp-json\/wp\/v2\/types\/post"}],"author":[{"embeddable":true,"href":"https:\/\/cdnoticias.com\/index.php\/wp-json\/wp\/v2\/users\/4"}],"replies":[{"embeddable":true,"href":"https:\/\/cdnoticias.com\/index.php\/wp-json\/wp\/v2\/comments?post=53357"}],"version-history":[{"count":0,"href":"https:\/\/cdnoticias.com\/index.php\/wp-json\/wp\/v2\/posts\/53357\/revisions"}],"wp:featuredmedia":[{"embeddable":true,"href":"https:\/\/cdnoticias.com\/index.php\/wp-json\/wp\/v2\/media\/53359"}],"wp:attachment":[{"href":"https:\/\/cdnoticias.com\/index.php\/wp-json\/wp\/v2\/media?parent=53357"}],"wp:term":[{"taxonomy":"category","embeddable":true,"href":"https:\/\/cdnoticias.com\/index.php\/wp-json\/wp\/v2\/categories?post=53357"},{"taxonomy":"post_tag","embeddable":true,"href":"https:\/\/cdnoticias.com\/index.php\/wp-json\/wp\/v2\/tags?post=53357"}],"curies":[{"name":"wp","href":"https:\/\/api.w.org\/{rel}","templated":true}]}}