{"id":53310,"date":"2022-05-01T11:47:23","date_gmt":"2022-05-01T14:47:23","guid":{"rendered":"https:\/\/www.centraldenoticias.com.ar\/?p=53310"},"modified":"2022-05-01T11:47:23","modified_gmt":"2022-05-01T14:47:23","slug":"integrantes-del-potenciar-trabajo-realizan-mantenimiento-de-predio-en-la-ciudad","status":"publish","type":"post","link":"https:\/\/cdnoticias.com\/index.php\/2022\/05\/01\/integrantes-del-potenciar-trabajo-realizan-mantenimiento-de-predio-en-la-ciudad\/","title":{"rendered":"Integrantes del Potenciar Trabajo realizan mantenimiento de predio en la ciudad"},"content":{"rendered":"<p>Comenz\u00f3 el trabajo de mantenimiento del predio no operativo de Trenes Argentinos. Son 26 olavarrienses que participan de esta nueva etapa del programa Potenciar Trabajo \u2013 Cooperar. <!--more--><\/p>\n<hr \/>\n<p>En la tarde del \u00faltimo viernes, <strong>se dio inicio al trabajo de mantenimiento del predio no operativo de Trenes Argentinos, enmarcado en el Proyecto de Mantenimiento del programa Potenciar Trabajo &#8211; Cooperar.<\/strong> En total,<strong> 26 olavarrienses realizan la contraprestaci\u00f3n<\/strong>, luego de la presentaci\u00f3n que realizaron Dami\u00e1n Contreras, presidente de Ferrocarriles Argentinos, y Eduardo Rodr\u00edguez junto a los concejales In\u00e9s Creimer y Gast\u00f3n Sarachu.<\/p>\n<p>&nbsp;<\/p>\n<p>Al respecto, Agust\u00edn Alfonzo, integrante del equipo de Trabajo T\u00e9cnica y Territorial del Distrito de Olavarr\u00eda, se\u00f1al\u00f3 que <em>\u201cen esta nueva etapa, los titulares del programa realizan su trabajo poniendo en pr\u00e1ctica todos los conocimientos adquiridos en las capacitaciones\u201d.<\/em> A su vez, destac\u00f3 <em><strong>\u201ccomo nos pide Sergio Massa, el desaf\u00edo es transformar, de manera gradual, los programas sociales en empleo formal\u201d<\/strong>. \u201cSeguimos trabajando para que cada destinatario del programa Potenciar Trabajo tenga herramientas para insertarse en el mundo laboral y as\u00ed poder generar m\u00e1s empleo registrado y genuino\u201d<\/em>, finaliz\u00f3 Alfonzo.<\/p>\n<p>&nbsp;<\/p>\n<p><img data-recalc-dims=\"1\" loading=\"lazy\" decoding=\"async\" class=\"alignnone size-full wp-image-53311\" src=\"https:\/\/i0.wp.com\/cdnoticias.com\/wp-content\/uploads\/2022\/05\/Potenciar-Trabajo.jpeg?resize=800%2C500&#038;ssl=1\" alt=\"\" width=\"800\" height=\"500\" srcset=\"https:\/\/i0.wp.com\/cdnoticias.com\/wp-content\/uploads\/2022\/05\/Potenciar-Trabajo.jpeg?w=800&amp;ssl=1 800w, https:\/\/i0.wp.com\/cdnoticias.com\/wp-content\/uploads\/2022\/05\/Potenciar-Trabajo.jpeg?resize=300%2C188&amp;ssl=1 300w, https:\/\/i0.wp.com\/cdnoticias.com\/wp-content\/uploads\/2022\/05\/Potenciar-Trabajo.jpeg?resize=768%2C480&amp;ssl=1 768w\" sizes=\"auto, (max-width: 800px) 100vw, 800px\" \/><\/p>\n<p>&nbsp;<\/p>\n<blockquote><p>Potenciar trabajo es un programa impulsado por el Ministerio de Desarrollo Social de Naci\u00f3n, en articulaci\u00f3n con otros Ministerios y \u00e1reas del Gobierno Nacional, entre ellos con el Ministerio de Transporte de la Naci\u00f3n.<\/p><\/blockquote>\n<p>&nbsp;<\/p>\n<p>De este modo,<strong> Potenciar Trabajo se afianza como una herramienta de ayuda social con el fin de mejorar la empleabilidad y la generaci\u00f3n de propuestas productivas a trav\u00e9s de la terminalidad educativa, la formaci\u00f3n laboral y la capacitaci\u00f3n en oficios.<\/strong><\/p>\n","protected":false},"excerpt":{"rendered":"<p>Comenz\u00f3 el trabajo de mantenimiento del predio no operativo de Trenes Argentinos. Son 26 olavarrienses que participan de esta nueva<\/p>\n","protected":false},"author":2,"featured_media":53312,"comment_status":"closed","ping_status":"closed","sticky":false,"template":"","format":"standard","meta":{"_jetpack_memberships_contains_paid_content":false,"footnotes":""},"categories":[5,1],"tags":[],"class_list":["post-53310","post","type-post","status-publish","format-standard","has-post-thumbnail","hentry","category-informacion-general","category-portada"],"jetpack_featured_media_url":"https:\/\/i0.wp.com\/cdnoticias.com\/wp-content\/uploads\/2022\/05\/Potenciar-Trabajo-1.jpeg?fit=800%2C500&ssl=1","jetpack_sharing_enabled":true,"_links":{"self":[{"href":"https:\/\/cdnoticias.com\/index.php\/wp-json\/wp\/v2\/posts\/53310","targetHints":{"allow":["GET"]}}],"collection":[{"href":"https:\/\/cdnoticias.com\/index.php\/wp-json\/wp\/v2\/posts"}],"about":[{"href":"https:\/\/cdnoticias.com\/index.php\/wp-json\/wp\/v2\/types\/post"}],"author":[{"embeddable":true,"href":"https:\/\/cdnoticias.com\/index.php\/wp-json\/wp\/v2\/users\/2"}],"replies":[{"embeddable":true,"href":"https:\/\/cdnoticias.com\/index.php\/wp-json\/wp\/v2\/comments?post=53310"}],"version-history":[{"count":0,"href":"https:\/\/cdnoticias.com\/index.php\/wp-json\/wp\/v2\/posts\/53310\/revisions"}],"wp:featuredmedia":[{"embeddable":true,"href":"https:\/\/cdnoticias.com\/index.php\/wp-json\/wp\/v2\/media\/53312"}],"wp:attachment":[{"href":"https:\/\/cdnoticias.com\/index.php\/wp-json\/wp\/v2\/media?parent=53310"}],"wp:term":[{"taxonomy":"category","embeddable":true,"href":"https:\/\/cdnoticias.com\/index.php\/wp-json\/wp\/v2\/categories?post=53310"},{"taxonomy":"post_tag","embeddable":true,"href":"https:\/\/cdnoticias.com\/index.php\/wp-json\/wp\/v2\/tags?post=53310"}],"curies":[{"name":"wp","href":"https:\/\/api.w.org\/{rel}","templated":true}]}}