{"id":53307,"date":"2022-05-01T11:38:04","date_gmt":"2022-05-01T14:38:04","guid":{"rendered":"https:\/\/www.centraldenoticias.com.ar\/?p=53307"},"modified":"2022-05-01T11:38:04","modified_gmt":"2022-05-01T14:38:04","slug":"el-ministro-filmus-y-ana-maria-franchi-de-conicet-estaran-en-la-inauguracion-del-edificio-de-incuapa","status":"publish","type":"post","link":"https:\/\/cdnoticias.com\/index.php\/2022\/05\/01\/el-ministro-filmus-y-ana-maria-franchi-de-conicet-estaran-en-la-inauguracion-del-edificio-de-incuapa\/","title":{"rendered":"El ministro Filmus y Ana Mar\u00eda Franchi de CONICET estar\u00e1n en la inauguraci\u00f3n del edificio de INCUAPA"},"content":{"rendered":"<p>Ser\u00e1 este viernes en horas del mediod\u00eda en el SUM de aulas comunes del Campus Universitario. <!--more--><\/p>\n<hr \/>\n<p>El pr\u00f3ximo <strong>viernes 6 de mayo se llevar\u00e1 adelante el acto en el que se inaugurar\u00e1n las nuevas instalaciones del Instituto de Investigaciones Arqueol\u00f3gicas y Paleontol\u00f3gicas del Cuaternario Pampeano (Unidad Ejecutora UNICEN\/CONICET)<\/strong> que contar\u00e1 con la participaci\u00f3n de la <strong>Presidenta del CONICET, Dra. Mar\u00eda Ana Franchi y del Ministro de Ciencia y Tecnolog\u00eda de la Naci\u00f3n, Daniel Filmus.<\/strong><\/p>\n<p>&nbsp;<\/p>\n<p><strong>Ser\u00e1 desde las 12 horas en el SUM de Aulas Comunes del Complejo Universitario Olavarr\u00eda<\/strong> y al cierre se proceder\u00e1 al corte de cintas en las nuevas instalaciones.<\/p>\n<p>&nbsp;<\/p>\n<p>El acto contar\u00e1 con la participaci\u00f3n del Rector de la Unicen, Dr. Marcelo Aba; de la Presidenta del CONICET, Dra. Ana Mar\u00eda Franchi; y del Ministro de Ciencia y Tecnolog\u00eda de la Naci\u00f3n, Mag. Daniel Filmus. Adem\u00e1s se espera la presencia de otros funcionarios del CONICET y autoridades de UNICEN, de la Facultad de Ciencias Sociales y otras unidades acad\u00e9micas y del Instituto INCUAPA.<\/p>\n<p>&nbsp;<\/p>\n<p>Con la inauguraci\u00f3n del nuevo sector del INCUAPA se da cierre al plan de obra original del edificio. Se trata de una <strong>construcci\u00f3n de 140 metros cuadrados que contiene siete oficinas y tres laboratorios totalmente equipados<\/strong>, lo que permitir\u00e1 mejorar las condiciones de trabajo para alrededor de 15 investigadores\/as y becarios\/as del Instituto con sede en la Facultad de Ciencias Sociales de Olavarr\u00eda.<\/p>\n<p>&nbsp;<\/p>\n<p><span style=\"text-decoration: underline;\"><strong>Diez a\u00f1os del INCUAPA<\/strong><\/span><\/p>\n<p>&nbsp;<\/p>\n<p><strong>El Instituto de Investigaciones Arqueol\u00f3gicas y Paleontol\u00f3gicas del Cuaternario Pampeano (INCUAPA) fue creado en 2011<\/strong> y se puso en marcha un a\u00f1o despu\u00e9s, sobre la base del N\u00facleo Consolidado de Investigaci\u00f3n hom\u00f3nimo dependiente de la Secretar\u00eda de Ciencia y T\u00e9cnica de la UNICEN (SECAT).<\/p>\n<p>&nbsp;<\/p>\n<p>El INCUAPA tiene como objetivo principal el<strong> estudio arqueol\u00f3gico, paleobiol\u00f3gico y paleoambiental del centro-este argentino con especial referencia a la regi\u00f3n pampeana. El director del INCUAPA es el Dr. Gustavo G. Politis y el co-director es el Lic. Jos\u00e9 L. Prado.<\/strong><\/p>\n<p>&nbsp;<\/p>\n<p>El INCUAPA se propone estudiar desde una perspectiva interdisciplinaria,<strong> la interrelaci\u00f3n entre los procesos culturales y paleoambientales ocurridos en el centro-este de Argentina desde el poblamiento humano inicial (ca. 14.000 a\u00f1os cal AP) hasta tiempos hispano-ind\u00edgenas<\/strong>. Desde un abordaje arqueol\u00f3gico regional, se busca contrastar, ampliar y, eventualmente, reformular los modelos existentes sobre la subsistencia, la organizaci\u00f3n tecnol\u00f3gica, el asentamiento y la movilidad y la organizaci\u00f3n social de los grupos cazadores-recolectores que habitaron los diversos ambientes del centro-este argentino durante el Pleistoceno final-Holoceno.<\/p>\n<p>&nbsp;<\/p>\n<p>Desde el punto de vista paleobiol\u00f3gico se propone<strong> analizar la diversidad del registro de mam\u00edferos pleistoc\u00e9nicos, con especial \u00e9nfasis en las especies presentes en el registro arqueol\u00f3gico y aportar al estudio de las variaciones ambientales desde fines del Pleistoceno hasta la actualidad.<\/strong> Los datos obtenidos por este proyecto est\u00e1n aportando elementos novedosos para generar informaci\u00f3n arqueol\u00f3gica y paleoambiental a diferentes escalas espaciales y temporales sobre los grupos de cazadores-recolectores que habitaron la regi\u00f3n. Se busca que las hip\u00f3tesis y modelos que se plantean sean pasibles de ser contrastados e integrados con aquellos ya construidos a distintas escalas areales, regionales y suprarregionales.<\/p>\n","protected":false},"excerpt":{"rendered":"<p>Ser\u00e1 este viernes en horas del mediod\u00eda en el SUM de aulas comunes del Campus Universitario.<\/p>\n","protected":false},"author":2,"featured_media":53308,"comment_status":"closed","ping_status":"closed","sticky":false,"template":"","format":"standard","meta":{"_jetpack_memberships_contains_paid_content":false,"footnotes":""},"categories":[5,1],"tags":[],"class_list":["post-53307","post","type-post","status-publish","format-standard","has-post-thumbnail","hentry","category-informacion-general","category-portada"],"jetpack_featured_media_url":"https:\/\/i0.wp.com\/cdnoticias.com\/wp-content\/uploads\/2022\/05\/incuapa-inauguracion.jpg?fit=1200%2C693&ssl=1","jetpack_sharing_enabled":true,"_links":{"self":[{"href":"https:\/\/cdnoticias.com\/index.php\/wp-json\/wp\/v2\/posts\/53307","targetHints":{"allow":["GET"]}}],"collection":[{"href":"https:\/\/cdnoticias.com\/index.php\/wp-json\/wp\/v2\/posts"}],"about":[{"href":"https:\/\/cdnoticias.com\/index.php\/wp-json\/wp\/v2\/types\/post"}],"author":[{"embeddable":true,"href":"https:\/\/cdnoticias.com\/index.php\/wp-json\/wp\/v2\/users\/2"}],"replies":[{"embeddable":true,"href":"https:\/\/cdnoticias.com\/index.php\/wp-json\/wp\/v2\/comments?post=53307"}],"version-history":[{"count":0,"href":"https:\/\/cdnoticias.com\/index.php\/wp-json\/wp\/v2\/posts\/53307\/revisions"}],"wp:featuredmedia":[{"embeddable":true,"href":"https:\/\/cdnoticias.com\/index.php\/wp-json\/wp\/v2\/media\/53308"}],"wp:attachment":[{"href":"https:\/\/cdnoticias.com\/index.php\/wp-json\/wp\/v2\/media?parent=53307"}],"wp:term":[{"taxonomy":"category","embeddable":true,"href":"https:\/\/cdnoticias.com\/index.php\/wp-json\/wp\/v2\/categories?post=53307"},{"taxonomy":"post_tag","embeddable":true,"href":"https:\/\/cdnoticias.com\/index.php\/wp-json\/wp\/v2\/tags?post=53307"}],"curies":[{"name":"wp","href":"https:\/\/api.w.org\/{rel}","templated":true}]}}