{"id":53289,"date":"2022-04-30T21:09:41","date_gmt":"2022-05-01T00:09:41","guid":{"rendered":"https:\/\/www.centraldenoticias.com.ar\/?p=53289"},"modified":"2022-04-30T22:58:00","modified_gmt":"2022-05-01T01:58:00","slug":"importante-convocatoria-en-la-marcha-de-las-velas-en-las-localidades","status":"publish","type":"post","link":"https:\/\/cdnoticias.com\/index.php\/2022\/04\/30\/importante-convocatoria-en-la-marcha-de-las-velas-en-las-localidades\/","title":{"rendered":"Importante convocatoria en la \u201cMarcha de las velas\u201d en las localidades"},"content":{"rendered":"<p>Loma Negra, Sierras Bayas y Colonia San Miguel formaron parte de la convocatoria. Tras presentar un petitorio, confirmaron que Caputo ir\u00e1 a Loma Negra el lunes. <!--more--><\/p>\n<hr \/>\n<p>En la tarde de este s\u00e1bado, y ante importantes convocatorias, <strong>se desarroll\u00f3 \u201cLa marcha de las velas\u201d en Loma Negra, Sierras Bayas y Colonia San Miguel. Tras el fallecimiento de un hombre en la localidad, se reforz\u00f3 el pedido de un m\u00e9dico en la sala para prevenir este tipo de situaciones \u201cde extrema necesidad\u201d.<\/strong><\/p>\n<p>&nbsp;<\/p>\n<blockquote><p>Participaron cerca de 200 personas, entre los que se pudo ver a la delegada saliente Valer\u00eda Mil\u00eda, vecinos que organizaron la movilizaci\u00f3n como Gladys Ram\u00f3n, entre otros.<\/p><\/blockquote>\n<p>&nbsp;<\/p>\n<p>Se denunci\u00f3 expl\u00edcitamente <strong><em>\u201cdesidia del Municipio\u201d<\/em> <\/strong>e incluso <strong>se realiz\u00f3 un minuto de silencio por la persona fallecida y todos aquellos que murieron en similares condiciones.<\/strong><\/p>\n<p>&nbsp;<\/p>\n<p>A su t\u00e9rmino, se ley\u00f3 un <strong>petitorio emitido al Intendente Municipal Ezequiel Galli y el secretario de Salud, Germ\u00e1n Caputo<\/strong>. All\u00ed, se\u00f1alaron que los hechos sucedidos fueron <em>\u201cpor no haber tenido la asistencia necesaria de primeros auxilios por parte de un m\u00e9dico, ya que, en ese momento, como en muchas otras ocasiones, no contaba la Sala con asistencia de dichos profesionales\u201d.<\/em><\/p>\n<p>&nbsp;<\/p>\n<p><img data-recalc-dims=\"1\" loading=\"lazy\" decoding=\"async\" class=\"alignnone size-large wp-image-53291\" src=\"https:\/\/i0.wp.com\/cdnoticias.com\/wp-content\/uploads\/2022\/04\/WhatsApp-Image-2022-04-30-at-7.18.27-PM.jpeg?resize=800%2C480&#038;ssl=1\" alt=\"\" width=\"800\" height=\"480\" srcset=\"https:\/\/i0.wp.com\/cdnoticias.com\/wp-content\/uploads\/2022\/04\/WhatsApp-Image-2022-04-30-at-7.18.27-PM.jpeg?resize=1024%2C614&amp;ssl=1 1024w, https:\/\/i0.wp.com\/cdnoticias.com\/wp-content\/uploads\/2022\/04\/WhatsApp-Image-2022-04-30-at-7.18.27-PM.jpeg?resize=300%2C180&amp;ssl=1 300w, https:\/\/i0.wp.com\/cdnoticias.com\/wp-content\/uploads\/2022\/04\/WhatsApp-Image-2022-04-30-at-7.18.27-PM.jpeg?resize=768%2C461&amp;ssl=1 768w, https:\/\/i0.wp.com\/cdnoticias.com\/wp-content\/uploads\/2022\/04\/WhatsApp-Image-2022-04-30-at-7.18.27-PM.jpeg?resize=1536%2C922&amp;ssl=1 1536w, https:\/\/i0.wp.com\/cdnoticias.com\/wp-content\/uploads\/2022\/04\/WhatsApp-Image-2022-04-30-at-7.18.27-PM.jpeg?w=1600&amp;ssl=1 1600w\" sizes=\"auto, (max-width: 800px) 100vw, 800px\" \/><\/p>\n<p>&nbsp;<\/p>\n<p>En este sentido, pidieron <em>\u201cgestionar la cobertura durante todo el d\u00eda en forma permanente (24hs), todos los d\u00edas de la semana, de asistencia m\u00e9dica en la Sala de Atenci\u00f3n Primaria Nro. 21 (CAP) de nuestra localidad\u201d.\u00a0<\/em><\/p>\n<p>&nbsp;<\/p>\n<blockquote><p>\u201cEn reiteradas oportunidades, vecinos de nuestra Villa han asistido en forma personal o llamado en forma telef\u00f3nica a la Sala Perif\u00e9rica y la respuesta que se ha dado fue, la falta de personal m\u00e9dico, ocasionando as\u00ed, el traslado en forma urgente del vecino hacia el Hospital de Olavarr\u00eda para ser atendido, con el correspondiente recorrido de 15km hasta llegar al mencionado nosocomio\u201d.<\/p><\/blockquote>\n<p>&nbsp;<\/p>\n<p>La falta de veh\u00edculo en vecinos ni recursos econ\u00f3micos para contratar un remis hace que la situaci\u00f3n sea m\u00e1s preocupante. Incluso, <em><strong>\u201csolicitamos tenga a bien disponer de otra ambulancia para emergencias\u201d.<\/strong><\/em><\/p>\n<p>&nbsp;<\/p>\n<p><em>\u201cEste tipo de reclamo no es actual, se viene solicitando en forma constante en reiteradas oportunidades desde hace mucho tiempo.\u00a0 Siendo el derecho a la salud reconocido constitucionalmente, y debiendo ser el estado su garante, recurrimos as\u00ed a la m\u00e1xima autoridad municipal en busca de una respuesta afirmativa a este petitorio\u201d<\/em> cerraron.<\/p>\n<p>&nbsp;<\/p>\n<p><img data-recalc-dims=\"1\" loading=\"lazy\" decoding=\"async\" class=\"alignnone size-large wp-image-53290\" src=\"https:\/\/i0.wp.com\/cdnoticias.com\/wp-content\/uploads\/2022\/04\/WhatsApp-Image-2022-04-30-at-7.18.28-PM.jpeg?resize=800%2C480&#038;ssl=1\" alt=\"\" width=\"800\" height=\"480\" srcset=\"https:\/\/i0.wp.com\/cdnoticias.com\/wp-content\/uploads\/2022\/04\/WhatsApp-Image-2022-04-30-at-7.18.28-PM.jpeg?resize=1024%2C614&amp;ssl=1 1024w, https:\/\/i0.wp.com\/cdnoticias.com\/wp-content\/uploads\/2022\/04\/WhatsApp-Image-2022-04-30-at-7.18.28-PM.jpeg?resize=300%2C180&amp;ssl=1 300w, https:\/\/i0.wp.com\/cdnoticias.com\/wp-content\/uploads\/2022\/04\/WhatsApp-Image-2022-04-30-at-7.18.28-PM.jpeg?resize=768%2C461&amp;ssl=1 768w, https:\/\/i0.wp.com\/cdnoticias.com\/wp-content\/uploads\/2022\/04\/WhatsApp-Image-2022-04-30-at-7.18.28-PM.jpeg?w=1200&amp;ssl=1 1200w\" sizes=\"auto, (max-width: 800px) 100vw, 800px\" \/><\/p>\n<p>&nbsp;<\/p>\n<p>Tambi\u00e9n emitieron un pedido de similares caracter\u00edsticas al <strong>Ministro de Salud bonaerense, Nicol\u00e1s Kreplak.<\/strong><\/p>\n<p>&nbsp;<\/p>\n<p>Adem\u00e1s, se confirm\u00f3 que<strong> Germ\u00e1n Caputo estar\u00e1 en la delegaci\u00f3n de Loma Negra este lunes a las 10:00 horas para dialogar con los vecinos sobre la problem\u00e1tica y tratar de encontrar una soluci\u00f3n.<\/strong><\/p>\n<p>&nbsp;<\/p>\n<p>En paralelo,<strong> se realizaron importantes manifestaciones tanto en Sierras Bayas como en Colonia San Miguel<\/strong>, donde los vecinos tambi\u00e9n se hicieron sentir en un reclamo que tuvo a las velas como protagonistas.<\/p>\n","protected":false},"excerpt":{"rendered":"<p>Loma Negra, Sierras Bayas y Colonia San Miguel formaron parte de la convocatoria. Tras presentar un petitorio, confirmaron que Caputo<\/p>\n","protected":false},"author":2,"featured_media":53292,"comment_status":"closed","ping_status":"closed","sticky":false,"template":"","format":"standard","meta":{"_jetpack_memberships_contains_paid_content":false,"footnotes":""},"categories":[5,1],"tags":[],"class_list":["post-53289","post","type-post","status-publish","format-standard","has-post-thumbnail","hentry","category-informacion-general","category-portada"],"jetpack_featured_media_url":"https:\/\/i0.wp.com\/cdnoticias.com\/wp-content\/uploads\/2022\/04\/WhatsApp-Image-2022-04-30-at-7.18.28-PM-1.jpeg?fit=1600%2C960&ssl=1","jetpack_sharing_enabled":true,"_links":{"self":[{"href":"https:\/\/cdnoticias.com\/index.php\/wp-json\/wp\/v2\/posts\/53289","targetHints":{"allow":["GET"]}}],"collection":[{"href":"https:\/\/cdnoticias.com\/index.php\/wp-json\/wp\/v2\/posts"}],"about":[{"href":"https:\/\/cdnoticias.com\/index.php\/wp-json\/wp\/v2\/types\/post"}],"author":[{"embeddable":true,"href":"https:\/\/cdnoticias.com\/index.php\/wp-json\/wp\/v2\/users\/2"}],"replies":[{"embeddable":true,"href":"https:\/\/cdnoticias.com\/index.php\/wp-json\/wp\/v2\/comments?post=53289"}],"version-history":[{"count":0,"href":"https:\/\/cdnoticias.com\/index.php\/wp-json\/wp\/v2\/posts\/53289\/revisions"}],"wp:featuredmedia":[{"embeddable":true,"href":"https:\/\/cdnoticias.com\/index.php\/wp-json\/wp\/v2\/media\/53292"}],"wp:attachment":[{"href":"https:\/\/cdnoticias.com\/index.php\/wp-json\/wp\/v2\/media?parent=53289"}],"wp:term":[{"taxonomy":"category","embeddable":true,"href":"https:\/\/cdnoticias.com\/index.php\/wp-json\/wp\/v2\/categories?post=53289"},{"taxonomy":"post_tag","embeddable":true,"href":"https:\/\/cdnoticias.com\/index.php\/wp-json\/wp\/v2\/tags?post=53289"}],"curies":[{"name":"wp","href":"https:\/\/api.w.org\/{rel}","templated":true}]}}