{"id":5328,"date":"2020-10-31T16:41:50","date_gmt":"2020-10-31T19:41:50","guid":{"rendered":"http:\/\/www.centraldenoticias.com.ar\/?p=5328"},"modified":"2020-11-01T09:26:43","modified_gmt":"2020-11-01T12:26:43","slug":"julio-cesar-pellejero-q-e-p-d","status":"publish","type":"post","link":"https:\/\/cdnoticias.com\/index.php\/2020\/10\/31\/julio-cesar-pellejero-q-e-p-d\/","title":{"rendered":"Julio C\u00e9sar Pellejero (Q.E.P.D.)"},"content":{"rendered":"<p>Falleci\u00f3 en Olavarr\u00eda a los 62 a\u00f1os de edad. Su mam\u00e1 Elsa Ibar; su hermana Rosana; sus hijos Mart\u00edn, Mar\u00eda Eugenia, Juli\u00e1n y Juan Ignacio; sus hijos pol\u00edticos Roc\u00edo, Juan y Pamela; sus nietos Guadalupe, Bautista, Ciro, Eloisa, Francisco, Augusto y Benicio; sus sobrinas, sobrinos pol\u00edticos, sobrinos-nietos y dem\u00e1s deudos participan su fallecimiento.<\/p>\n<p>&nbsp;<\/p>\n<p>Sus restos ser\u00e1n cremados en el Crematorio Pinos de Paz, el martes a las 12:00.\u00a0Nacido en Olavarr\u00eda, vecino del barrio La Rural, contratista rural.<\/p>\n","protected":false},"excerpt":{"rendered":"<p>Falleci\u00f3 en Olavarr\u00eda a los 62 a\u00f1os de edad. Su mam\u00e1 Elsa Ibar; su hermana Rosana; sus hijos Mart\u00edn, Mar\u00eda<\/p>\n","protected":false},"author":2,"featured_media":0,"comment_status":"closed","ping_status":"closed","sticky":false,"template":"","format":"standard","meta":{"_jetpack_memberships_contains_paid_content":false,"footnotes":""},"categories":[10],"tags":[],"class_list":["post-5328","post","type-post","status-publish","format-standard","hentry","category-necrologicas"],"jetpack_featured_media_url":"","jetpack_sharing_enabled":true,"_links":{"self":[{"href":"https:\/\/cdnoticias.com\/index.php\/wp-json\/wp\/v2\/posts\/5328","targetHints":{"allow":["GET"]}}],"collection":[{"href":"https:\/\/cdnoticias.com\/index.php\/wp-json\/wp\/v2\/posts"}],"about":[{"href":"https:\/\/cdnoticias.com\/index.php\/wp-json\/wp\/v2\/types\/post"}],"author":[{"embeddable":true,"href":"https:\/\/cdnoticias.com\/index.php\/wp-json\/wp\/v2\/users\/2"}],"replies":[{"embeddable":true,"href":"https:\/\/cdnoticias.com\/index.php\/wp-json\/wp\/v2\/comments?post=5328"}],"version-history":[{"count":0,"href":"https:\/\/cdnoticias.com\/index.php\/wp-json\/wp\/v2\/posts\/5328\/revisions"}],"wp:attachment":[{"href":"https:\/\/cdnoticias.com\/index.php\/wp-json\/wp\/v2\/media?parent=5328"}],"wp:term":[{"taxonomy":"category","embeddable":true,"href":"https:\/\/cdnoticias.com\/index.php\/wp-json\/wp\/v2\/categories?post=5328"},{"taxonomy":"post_tag","embeddable":true,"href":"https:\/\/cdnoticias.com\/index.php\/wp-json\/wp\/v2\/tags?post=5328"}],"curies":[{"name":"wp","href":"https:\/\/api.w.org\/{rel}","templated":true}]}}