{"id":53267,"date":"2022-04-30T15:39:05","date_gmt":"2022-04-30T18:39:05","guid":{"rendered":"https:\/\/www.centraldenoticias.com.ar\/?p=53267"},"modified":"2022-04-30T18:27:44","modified_gmt":"2022-04-30T21:27:44","slug":"lo-ideal-seria-que-el-proximo-gobernador-sea-un-intendente","status":"publish","type":"post","link":"https:\/\/cdnoticias.com\/index.php\/2022\/04\/30\/lo-ideal-seria-que-el-proximo-gobernador-sea-un-intendente\/","title":{"rendered":"\u201cLo ideal ser\u00eda que el pr\u00f3ximo gobernador sea un Intendente\u201d"},"content":{"rendered":"<p>El jefe comunal de Lan\u00fas, N\u00e9stor Grindetti, se tom\u00f3 unos minutos para hablar de pol\u00edtica, sus intenciones de ampliar Juntos y la b\u00fasqueda en este a\u00f1o no electoral. <!--more--><\/p>\n<hr \/>\n<p>Tras<a href=\"https:\/\/cdnoticias.com\/index.php\/2022\/04\/30\/los-intendentes-de-olavarria-y-lanus-firmaron-un-convenio-de-colaboracion-reciproca\/\" target=\"_blank\" rel=\"noopener\"> la firma de un convenio de colaboraci\u00f3n entre el Municipio de Olavarr\u00eda y Lan\u00fas<\/a> con la presencia del intendente del distrito del conurbano, N\u00e9stor Grindetti,<strong> uno de los referentes de Juntos a nivel bonaerense y quien impulsa el partido \u201cHacemos\u201d se tom\u00f3 unos minutos para hablar de pol\u00edtica pensando en lo que viene dentro de un a\u00f1o no electoral.<\/strong><\/p>\n<p>&nbsp;<\/p>\n<p>En primera instancia, afirm\u00f3 que<em> \u201cestoy recorriendo la Provincia porque considero que es un a\u00f1o donde hay que escuchar mucho. Aprender, para que en conjunto los Intendentes y el espacio pol\u00edtico nuestro tenga una propuesta concreta el a\u00f1o que viene\u201d.<\/em><\/p>\n<p>&nbsp;<\/p>\n<blockquote><p><strong><em>\u201cHoy hacer campa\u00f1a con un diagn\u00f3stico y criticando no alcanza, la gente est\u00e1 un poco cansada de no recibir respuestas de la pol\u00edtica, pero tenemos que ir con propuestas concretas. Y para eso hay que escuchar a los distintos actores\u201d.<\/em><\/strong><\/p><\/blockquote>\n<p>&nbsp;<\/p>\n<p>Destac\u00f3 que m\u00e1s all\u00e1 de la creaci\u00f3n de \u201cHacemos\u201d, el partido bonaerense que lo tiene como protagonista junto a Julio Garro,<em> \u201csigo perteneciendo al Pro, no es que me fui ni mucho menos, pero s\u00ed creemos que hay que ampliar. Necesitamos ser generosos, recibir m\u00e1s gente, y Hacemos -el partido provincial- es un continente interesante <strong>fundamentalmente para el peronismo que est\u00e1 enfrentado con el kirchnerismo y est\u00e1 buscando un espacio pol\u00edtico donde puede compartir valores<\/strong>\u201d destac\u00f3.<\/em><\/p>\n<p>&nbsp;<\/p>\n<p>En este punto, mostr\u00f3 su mirada dentro de la interna de Juntos: <em>\u201ctenemos que lograr que la identidad bonaerense sea con cabeza de Buenos Aires para los problemas de Buenos Aires. <strong>En ese pensamiento, en ese esquema, lo ideal ser\u00eda -sin dar nombres, no es momento- que el pr\u00f3ximo gobernador sea un Intendente de la Provincia de Buenos Aires para que tenga una experiencia importante en lo que es la administraci\u00f3n de lo p\u00fablico<\/strong>\u201d.<\/em><\/p>\n<p>&nbsp;<\/p>\n<p>Justamente, en lo que se refiere a las internas,<em> \u201clo que est\u00e1 pasando en Juntos es que han surgido a partir de haber perdido el gobierno provincial y nacional nuevos liderazgos. Pero eso no quiere decir que estemos peleando, tal vez tengamos diferencias t\u00e1cticas, pero todos estamos convencidos de que no hay que hablar de candidaturas individuales sino trabajar en ampliar, ampliar y ampliar. <strong>El Intendente Galli tambi\u00e9n viene mucho a Buenos Aires para preparar algo que desde la visi\u00f3n que tenemos los intendentes podamos tener una propuesta\u201d<\/strong>.<\/em><\/p>\n<p>&nbsp;<\/p>\n<p>El intendente Galli, presente en la conferencia, reiter\u00f3 que los dirigentes que integran Juntos <em>\u201cestamos en el mismo barco, compartimos los mismos valores y queremos lo mismo para la Provincia. Para mi es un alegr\u00eda que N\u00e9stor est\u00e9 en Olavarr\u00eda visit\u00e1ndonos y acompa\u00f1\u00e1ndonos. Firmamos un convenio sobre Cultura, haremos un intercambio. Queremos volver a ser gobierno en 2023, el tiempo dir\u00e1 quienes son los candidatos\u201d.<\/em><\/p>\n<p>&nbsp;<\/p>\n<p><em>\u201cEstuvimos visitando una empresa minera para que N\u00e9stor pueda ver el potencial que tiene Olavarr\u00eda, lo conoce pero queremos que lo vea en persona. <strong>Pensamos mucho en c\u00f3mo pensar en conjunto el tema del empleo, para los j\u00f3venes, para poder lograr una vinculaci\u00f3n con las Oficinas de Empleo<\/strong>\u201d.<\/em><\/p>\n<p>&nbsp;<\/p>\n<p><em>Foto: Gentileza Sergio Di Pino \/\/ Infocielo<\/em><\/p>\n","protected":false},"excerpt":{"rendered":"<p>El jefe comunal de Lan\u00fas, N\u00e9stor Grindetti, se tom\u00f3 unos minutos para hablar de pol\u00edtica, sus intenciones de ampliar Juntos<\/p>\n","protected":false},"author":2,"featured_media":53268,"comment_status":"closed","ping_status":"closed","sticky":false,"template":"","format":"standard","meta":{"_jetpack_memberships_contains_paid_content":false,"footnotes":""},"categories":[4,1],"tags":[],"class_list":["post-53267","post","type-post","status-publish","format-standard","has-post-thumbnail","hentry","category-politica","category-portada"],"jetpack_featured_media_url":"https:\/\/i0.wp.com\/cdnoticias.com\/wp-content\/uploads\/2022\/04\/WhatsApp-Image-2022-04-30-at-12.27.01-PM.jpeg?fit=1280%2C837&ssl=1","jetpack_sharing_enabled":true,"_links":{"self":[{"href":"https:\/\/cdnoticias.com\/index.php\/wp-json\/wp\/v2\/posts\/53267","targetHints":{"allow":["GET"]}}],"collection":[{"href":"https:\/\/cdnoticias.com\/index.php\/wp-json\/wp\/v2\/posts"}],"about":[{"href":"https:\/\/cdnoticias.com\/index.php\/wp-json\/wp\/v2\/types\/post"}],"author":[{"embeddable":true,"href":"https:\/\/cdnoticias.com\/index.php\/wp-json\/wp\/v2\/users\/2"}],"replies":[{"embeddable":true,"href":"https:\/\/cdnoticias.com\/index.php\/wp-json\/wp\/v2\/comments?post=53267"}],"version-history":[{"count":0,"href":"https:\/\/cdnoticias.com\/index.php\/wp-json\/wp\/v2\/posts\/53267\/revisions"}],"wp:featuredmedia":[{"embeddable":true,"href":"https:\/\/cdnoticias.com\/index.php\/wp-json\/wp\/v2\/media\/53268"}],"wp:attachment":[{"href":"https:\/\/cdnoticias.com\/index.php\/wp-json\/wp\/v2\/media?parent=53267"}],"wp:term":[{"taxonomy":"category","embeddable":true,"href":"https:\/\/cdnoticias.com\/index.php\/wp-json\/wp\/v2\/categories?post=53267"},{"taxonomy":"post_tag","embeddable":true,"href":"https:\/\/cdnoticias.com\/index.php\/wp-json\/wp\/v2\/tags?post=53267"}],"curies":[{"name":"wp","href":"https:\/\/api.w.org\/{rel}","templated":true}]}}