{"id":53260,"date":"2022-04-30T13:20:52","date_gmt":"2022-04-30T16:20:52","guid":{"rendered":"https:\/\/www.centraldenoticias.com.ar\/?p=53260"},"modified":"2022-04-30T13:20:52","modified_gmt":"2022-04-30T16:20:52","slug":"jose-luis-paramo-chango-q-e-p-d","status":"publish","type":"post","link":"https:\/\/cdnoticias.com\/index.php\/2022\/04\/30\/jose-luis-paramo-chango-q-e-p-d\/","title":{"rendered":"Jos\u00e9 Luis Paramo &#8220;Chango&#8221; (Q.E.P.D.)"},"content":{"rendered":"<p>Falleci\u00f3 en Olavarr\u00eda el 30 de abril de 2022 a los 83 a\u00f1os. Su esposa Mar\u00eda Margarita Wesner; sus hijos Horacio, Mario, Lidia, Rub\u00e9n y Anah\u00ed Paramo; sus hijos pol\u00edticos Claudia, Silvia, Oscar, Maria y Ram\u00f3n; sus nietos Ariel, Enzo, Luca, Christian, Roc\u00edo, Delfina, Micaela y Marcelo; sus\u00a0bisnietos Alma, Mora, Nehuen, Tahiel, Bianca, Facundo y Felipe; y dem\u00e1s deudos participan su fallecimiento.<\/p>\n<p>&nbsp;<\/p>\n<p>Sus restos ser\u00e1n velados en la sala de Espa\u00f1a 2942, departamento \u201cC\u201d e inhumados en el Cementerio de Colonia Hinojo, este s\u00e1bado a las 15:00 horas previo responso en la Capilla Ardiente. Servicio adherido a Coopelectric.<\/p>\n<p>&nbsp;<\/p>\n<p>Nacido en Coronel Su\u00e1rez, vecino de Sierra Chica, jubilado.<\/p>\n","protected":false},"excerpt":{"rendered":"<p>Falleci\u00f3 en Olavarr\u00eda el 30 de abril de 2022 a los 83 a\u00f1os. Su esposa Mar\u00eda Margarita Wesner; sus hijos<\/p>\n","protected":false},"author":2,"featured_media":51544,"comment_status":"closed","ping_status":"closed","sticky":false,"template":"","format":"standard","meta":{"_jetpack_memberships_contains_paid_content":false,"footnotes":""},"categories":[10],"tags":[],"class_list":["post-53260","post","type-post","status-publish","format-standard","has-post-thumbnail","hentry","category-necrologicas"],"jetpack_featured_media_url":"https:\/\/i0.wp.com\/cdnoticias.com\/wp-content\/uploads\/2022\/04\/necrologicas-390-x-240.jpg?fit=390%2C240&ssl=1","jetpack_sharing_enabled":true,"_links":{"self":[{"href":"https:\/\/cdnoticias.com\/index.php\/wp-json\/wp\/v2\/posts\/53260","targetHints":{"allow":["GET"]}}],"collection":[{"href":"https:\/\/cdnoticias.com\/index.php\/wp-json\/wp\/v2\/posts"}],"about":[{"href":"https:\/\/cdnoticias.com\/index.php\/wp-json\/wp\/v2\/types\/post"}],"author":[{"embeddable":true,"href":"https:\/\/cdnoticias.com\/index.php\/wp-json\/wp\/v2\/users\/2"}],"replies":[{"embeddable":true,"href":"https:\/\/cdnoticias.com\/index.php\/wp-json\/wp\/v2\/comments?post=53260"}],"version-history":[{"count":0,"href":"https:\/\/cdnoticias.com\/index.php\/wp-json\/wp\/v2\/posts\/53260\/revisions"}],"wp:featuredmedia":[{"embeddable":true,"href":"https:\/\/cdnoticias.com\/index.php\/wp-json\/wp\/v2\/media\/51544"}],"wp:attachment":[{"href":"https:\/\/cdnoticias.com\/index.php\/wp-json\/wp\/v2\/media?parent=53260"}],"wp:term":[{"taxonomy":"category","embeddable":true,"href":"https:\/\/cdnoticias.com\/index.php\/wp-json\/wp\/v2\/categories?post=53260"},{"taxonomy":"post_tag","embeddable":true,"href":"https:\/\/cdnoticias.com\/index.php\/wp-json\/wp\/v2\/tags?post=53260"}],"curies":[{"name":"wp","href":"https:\/\/api.w.org\/{rel}","templated":true}]}}