{"id":53251,"date":"2022-04-30T12:45:45","date_gmt":"2022-04-30T15:45:45","guid":{"rendered":"https:\/\/www.centraldenoticias.com.ar\/?p=53251"},"modified":"2022-04-30T15:39:15","modified_gmt":"2022-04-30T18:39:15","slug":"importante-convocatoria-por-el-acto-del-dia-del-trabajador-del-pj","status":"publish","type":"post","link":"https:\/\/cdnoticias.com\/index.php\/2022\/04\/30\/importante-convocatoria-por-el-acto-del-dia-del-trabajador-del-pj\/","title":{"rendered":"Importante convocatoria por el acto del D\u00eda del Trabajador del PJ"},"content":{"rendered":"<p>Se realiz\u00f3 en Racing, con una participaci\u00f3n de 800 personas. Hubo varios discursos y el pedido de trabajar para \u201c devolver a los olavarrienses la esperanza de poder vivir mejor\u201d.<!--more--><\/p>\n<hr \/>\n<p>Luego de dos a\u00f1os de pandemia<strong> el Partido Justicialista de Olavarr\u00eda llev\u00f3 a cabo su tradicional cena en conmemoraci\u00f3n del d\u00eda del Trabajador en el club Racing, con una asistencia de m\u00e1s de 800 personas.<\/strong><\/p>\n<p>&nbsp;<\/p>\n<blockquote><p>El evento cont\u00f3 con la presencia de militantes de diferentes espacios, vecinos y vecinas, representantes de sindicatos y funcionarios.<\/p><\/blockquote>\n<p>&nbsp;<\/p>\n<p><img data-recalc-dims=\"1\" loading=\"lazy\" decoding=\"async\" class=\"alignnone size-full wp-image-53257\" src=\"https:\/\/i0.wp.com\/cdnoticias.com\/wp-content\/uploads\/2022\/04\/PJ-acto1.jpeg?resize=800%2C513&#038;ssl=1\" alt=\"\" width=\"800\" height=\"513\" srcset=\"https:\/\/i0.wp.com\/cdnoticias.com\/wp-content\/uploads\/2022\/04\/PJ-acto1.jpeg?w=960&amp;ssl=1 960w, https:\/\/i0.wp.com\/cdnoticias.com\/wp-content\/uploads\/2022\/04\/PJ-acto1.jpeg?resize=300%2C192&amp;ssl=1 300w, https:\/\/i0.wp.com\/cdnoticias.com\/wp-content\/uploads\/2022\/04\/PJ-acto1.jpeg?resize=768%2C492&amp;ssl=1 768w\" sizes=\"auto, (max-width: 800px) 100vw, 800px\" \/><\/p>\n<p>&nbsp;<\/p>\n<p>El <strong>presidente del PJ, Federico Aguilera<\/strong>, fue el encargado de empezar con los discursos: <em>\u201cGracias por acercarse, esta unidad, y la incorporaci\u00f3n de nuevos espacios demuestra que estamos creciendo cada d\u00eda m\u00e1s en Olavarr\u00eda y que tenemos la madurez para seguir construyendo una fuerza plural que le devuelva a los olavarrienses la esperanza de poder vivir mejor\u201d.<\/em><\/p>\n<p>&nbsp;<\/p>\n<p><img data-recalc-dims=\"1\" loading=\"lazy\" decoding=\"async\" class=\"alignnone size-full wp-image-53256\" src=\"https:\/\/i0.wp.com\/cdnoticias.com\/wp-content\/uploads\/2022\/04\/PJ-acto2.jpeg?resize=800%2C483&#038;ssl=1\" alt=\"\" width=\"800\" height=\"483\" srcset=\"https:\/\/i0.wp.com\/cdnoticias.com\/wp-content\/uploads\/2022\/04\/PJ-acto2.jpeg?w=960&amp;ssl=1 960w, https:\/\/i0.wp.com\/cdnoticias.com\/wp-content\/uploads\/2022\/04\/PJ-acto2.jpeg?resize=300%2C181&amp;ssl=1 300w, https:\/\/i0.wp.com\/cdnoticias.com\/wp-content\/uploads\/2022\/04\/PJ-acto2.jpeg?resize=768%2C463&amp;ssl=1 768w\" sizes=\"auto, (max-width: 800px) 100vw, 800px\" \/><\/p>\n<p>&nbsp;<\/p>\n<p><img data-recalc-dims=\"1\" loading=\"lazy\" decoding=\"async\" class=\"alignnone size-full wp-image-53255\" src=\"https:\/\/i0.wp.com\/cdnoticias.com\/wp-content\/uploads\/2022\/04\/PJ-acto4.jpeg?resize=800%2C481&#038;ssl=1\" alt=\"\" width=\"800\" height=\"481\" srcset=\"https:\/\/i0.wp.com\/cdnoticias.com\/wp-content\/uploads\/2022\/04\/PJ-acto4.jpeg?w=960&amp;ssl=1 960w, https:\/\/i0.wp.com\/cdnoticias.com\/wp-content\/uploads\/2022\/04\/PJ-acto4.jpeg?resize=300%2C180&amp;ssl=1 300w, https:\/\/i0.wp.com\/cdnoticias.com\/wp-content\/uploads\/2022\/04\/PJ-acto4.jpeg?resize=768%2C462&amp;ssl=1 768w\" sizes=\"auto, (max-width: 800px) 100vw, 800px\" \/><\/p>\n<p>&nbsp;<\/p>\n<p><img data-recalc-dims=\"1\" loading=\"lazy\" decoding=\"async\" class=\"alignnone size-full wp-image-53254\" src=\"https:\/\/i0.wp.com\/cdnoticias.com\/wp-content\/uploads\/2022\/04\/PJ-acto3.jpeg?resize=800%2C498&#038;ssl=1\" alt=\"\" width=\"800\" height=\"498\" srcset=\"https:\/\/i0.wp.com\/cdnoticias.com\/wp-content\/uploads\/2022\/04\/PJ-acto3.jpeg?w=960&amp;ssl=1 960w, https:\/\/i0.wp.com\/cdnoticias.com\/wp-content\/uploads\/2022\/04\/PJ-acto3.jpeg?resize=300%2C187&amp;ssl=1 300w, https:\/\/i0.wp.com\/cdnoticias.com\/wp-content\/uploads\/2022\/04\/PJ-acto3.jpeg?resize=768%2C478&amp;ssl=1 768w\" sizes=\"auto, (max-width: 800px) 100vw, 800px\" \/><\/p>\n<p>&nbsp;<\/p>\n<p><img data-recalc-dims=\"1\" loading=\"lazy\" decoding=\"async\" class=\"alignnone size-full wp-image-53253\" src=\"https:\/\/i0.wp.com\/cdnoticias.com\/wp-content\/uploads\/2022\/04\/PJ-acto5.jpeg?resize=800%2C482&#038;ssl=1\" alt=\"\" width=\"800\" height=\"482\" srcset=\"https:\/\/i0.wp.com\/cdnoticias.com\/wp-content\/uploads\/2022\/04\/PJ-acto5.jpeg?w=960&amp;ssl=1 960w, https:\/\/i0.wp.com\/cdnoticias.com\/wp-content\/uploads\/2022\/04\/PJ-acto5.jpeg?resize=300%2C181&amp;ssl=1 300w, https:\/\/i0.wp.com\/cdnoticias.com\/wp-content\/uploads\/2022\/04\/PJ-acto5.jpeg?resize=768%2C462&amp;ssl=1 768w\" sizes=\"auto, (max-width: 800px) 100vw, 800px\" \/><\/p>\n<p>&nbsp;<\/p>\n<p>M\u00e1s tarde tambi\u00e9n hablaron Estela Peralta, Vicepresidenta del PJ, Guillermo Santellan, Consejero por la 7ma secci\u00f3n electoral, Liliana Schwidt, Consejera provincial por la rama feminina y C\u00e9sar Valicenti, Congresal Provincial.<\/p>\n","protected":false},"excerpt":{"rendered":"<p>Se realiz\u00f3 en Racing, con una participaci\u00f3n de 800 personas. Hubo varios discursos y el pedido de trabajar para \u201c<\/p>\n","protected":false},"author":2,"featured_media":53258,"comment_status":"closed","ping_status":"closed","sticky":false,"template":"","format":"standard","meta":{"_jetpack_memberships_contains_paid_content":false,"footnotes":""},"categories":[4,1],"tags":[],"class_list":["post-53251","post","type-post","status-publish","format-standard","has-post-thumbnail","hentry","category-politica","category-portada"],"jetpack_featured_media_url":"https:\/\/i0.wp.com\/cdnoticias.com\/wp-content\/uploads\/2022\/04\/PJ-acto.jpeg?fit=960%2C561&ssl=1","jetpack_sharing_enabled":true,"_links":{"self":[{"href":"https:\/\/cdnoticias.com\/index.php\/wp-json\/wp\/v2\/posts\/53251","targetHints":{"allow":["GET"]}}],"collection":[{"href":"https:\/\/cdnoticias.com\/index.php\/wp-json\/wp\/v2\/posts"}],"about":[{"href":"https:\/\/cdnoticias.com\/index.php\/wp-json\/wp\/v2\/types\/post"}],"author":[{"embeddable":true,"href":"https:\/\/cdnoticias.com\/index.php\/wp-json\/wp\/v2\/users\/2"}],"replies":[{"embeddable":true,"href":"https:\/\/cdnoticias.com\/index.php\/wp-json\/wp\/v2\/comments?post=53251"}],"version-history":[{"count":0,"href":"https:\/\/cdnoticias.com\/index.php\/wp-json\/wp\/v2\/posts\/53251\/revisions"}],"wp:featuredmedia":[{"embeddable":true,"href":"https:\/\/cdnoticias.com\/index.php\/wp-json\/wp\/v2\/media\/53258"}],"wp:attachment":[{"href":"https:\/\/cdnoticias.com\/index.php\/wp-json\/wp\/v2\/media?parent=53251"}],"wp:term":[{"taxonomy":"category","embeddable":true,"href":"https:\/\/cdnoticias.com\/index.php\/wp-json\/wp\/v2\/categories?post=53251"},{"taxonomy":"post_tag","embeddable":true,"href":"https:\/\/cdnoticias.com\/index.php\/wp-json\/wp\/v2\/tags?post=53251"}],"curies":[{"name":"wp","href":"https:\/\/api.w.org\/{rel}","templated":true}]}}