{"id":53220,"date":"2022-04-30T09:43:09","date_gmt":"2022-04-30T12:43:09","guid":{"rendered":"https:\/\/www.centraldenoticias.com.ar\/?p=53220"},"modified":"2022-04-30T09:43:09","modified_gmt":"2022-04-30T12:43:09","slug":"las-comisiones-del-hcd-estudiaran-proyectos-de-obras-del-foro-olavarria-fr-en-el-balneario-de-colonia-san-miguel","status":"publish","type":"post","link":"https:\/\/cdnoticias.com\/index.php\/2022\/04\/30\/las-comisiones-del-hcd-estudiaran-proyectos-de-obras-del-foro-olavarria-fr-en-el-balneario-de-colonia-san-miguel\/","title":{"rendered":"Las comisiones del HCD estudiar\u00e1n proyectos de obras del Foro Olavarr\u00eda &#8211; FR en el balneario de Colonia San Miguel"},"content":{"rendered":"<p>El bloque present\u00f3 un proyecto de comunicaci\u00f3n solicitando al Intendente la reapertura del balneario. <!--more--><\/p>\n<hr \/>\n<p>&nbsp;<\/p>\n<p><strong>El bloque conformado por la concejala In\u00e9s Creimer y el concejal Gast\u00f3n Sarachu<\/strong> present\u00f3 un proyecto de comunicaci\u00f3n <strong>solicitando al Intendente la reapertura del balneario<\/strong> con la construcci\u00f3n de un pilet\u00f3n, la remodelaci\u00f3n de la confiter\u00eda y servicios sanitarios.<\/p>\n<p>&nbsp;<\/p>\n<p>En la cuarta sesi\u00f3n ordinaria del Concejo Deliberante, realizada el pasado jueves, el bloque Foro Olavarr\u00eda &#8211; Frente Renovador, en el interbloque Frente de Todos, present\u00f3 un proyecto de comunicaci\u00f3n <strong>solicitando obras de mantenimiento <\/strong>y puesta en valor del balneario de Colonia San Miguel. <strong>El proyecto pas\u00f3 a comisi\u00f3n por mayor\u00eda de votos.<\/strong><\/p>\n<p>&nbsp;<\/p>\n<p>El concejal <strong>Gast\u00f3n Sarachu<\/strong> fue el encargado de exponer el proyecto. \u201c<strong>Planteamos, puntualmente, que se incluya a Colonia San Miguel dentro del plan de inversiones tur\u00edsticas<\/strong> con el financiamiento de la venta de una calle a Cementos Avellaneda, anunciado por el Intendente hace pocos d\u00edas,\u201d, explic\u00f3 Sarachu. En concreto, \u201csolicitamos al intendente la construcci\u00f3n de un pilet\u00f3n, la remodelaci\u00f3n de la confiter\u00eda y servicios sanitarios, lo cual ser\u00eda b\u00e1sico para <strong>volver a poner en funcionamiento el balneario\u201d<\/strong>, afirm\u00f3 el concejal.<\/p>\n<p>&nbsp;<\/p>\n<p>Sarachu sostuvo que<strong> \u201cel balneario de Colonia San Miguel era uno de los principales atractivos de la localidad, <\/strong>que ha funcionado como espacio de encuentro para actividades recreativas, deportivas, tur\u00edsticas y culturales. Un lugar emblem\u00e1tico para la localidad y el Partido de Olavarr\u00eda\u201d.<\/p>\n<p>&nbsp;<\/p>\n<p>Sobre la reciente noticia de una <strong>nueva concesi\u00f3n del balneario, el edil<\/strong> manifest\u00f3 que \u201c<strong>nos pone contentos que gente de la localidad apueste al desarrollo tur\u00edstico, pero sin apoyo municipal va a ser muy dif\u00edcil mantener el balneario de Colonia San Miguel\u201d.<\/strong><\/p>\n","protected":false},"excerpt":{"rendered":"<p>El bloque present\u00f3 un proyecto de comunicaci\u00f3n solicitando al Intendente la reapertura del balneario.<\/p>\n","protected":false},"author":6,"featured_media":53221,"comment_status":"closed","ping_status":"closed","sticky":false,"template":"","format":"standard","meta":{"_jetpack_memberships_contains_paid_content":false,"footnotes":""},"categories":[4,1],"tags":[],"class_list":["post-53220","post","type-post","status-publish","format-standard","has-post-thumbnail","hentry","category-politica","category-portada"],"jetpack_featured_media_url":"https:\/\/i0.wp.com\/cdnoticias.com\/wp-content\/uploads\/2022\/04\/Bloque-FR.jpg?fit=800%2C500&ssl=1","jetpack_sharing_enabled":true,"_links":{"self":[{"href":"https:\/\/cdnoticias.com\/index.php\/wp-json\/wp\/v2\/posts\/53220","targetHints":{"allow":["GET"]}}],"collection":[{"href":"https:\/\/cdnoticias.com\/index.php\/wp-json\/wp\/v2\/posts"}],"about":[{"href":"https:\/\/cdnoticias.com\/index.php\/wp-json\/wp\/v2\/types\/post"}],"author":[{"embeddable":true,"href":"https:\/\/cdnoticias.com\/index.php\/wp-json\/wp\/v2\/users\/6"}],"replies":[{"embeddable":true,"href":"https:\/\/cdnoticias.com\/index.php\/wp-json\/wp\/v2\/comments?post=53220"}],"version-history":[{"count":0,"href":"https:\/\/cdnoticias.com\/index.php\/wp-json\/wp\/v2\/posts\/53220\/revisions"}],"wp:featuredmedia":[{"embeddable":true,"href":"https:\/\/cdnoticias.com\/index.php\/wp-json\/wp\/v2\/media\/53221"}],"wp:attachment":[{"href":"https:\/\/cdnoticias.com\/index.php\/wp-json\/wp\/v2\/media?parent=53220"}],"wp:term":[{"taxonomy":"category","embeddable":true,"href":"https:\/\/cdnoticias.com\/index.php\/wp-json\/wp\/v2\/categories?post=53220"},{"taxonomy":"post_tag","embeddable":true,"href":"https:\/\/cdnoticias.com\/index.php\/wp-json\/wp\/v2\/tags?post=53220"}],"curies":[{"name":"wp","href":"https:\/\/api.w.org\/{rel}","templated":true}]}}