{"id":53215,"date":"2022-04-29T19:07:35","date_gmt":"2022-04-29T22:07:35","guid":{"rendered":"https:\/\/www.centraldenoticias.com.ar\/?p=53215"},"modified":"2022-04-29T19:07:35","modified_gmt":"2022-04-29T22:07:35","slug":"etapa-final-de-obra-para-la-reforma-del-cef-44","status":"publish","type":"post","link":"https:\/\/cdnoticias.com\/index.php\/2022\/04\/29\/etapa-final-de-obra-para-la-reforma-del-cef-44\/","title":{"rendered":"Etapa final de obra para la reforma del CEF 44"},"content":{"rendered":"<p>El intendente Ezequiel Galli visit\u00f3 las instalaciones del CEF N.\u00ba 44 ubicado en el barrio CECO. <!--more--><\/p>\n<hr \/>\n<p>&nbsp;<\/p>\n<p>El <strong>intendente Ezequiel Galli visit\u00f3 las instalaciones del CEF N.\u00ba 44<\/strong>, que funciona en el gimnasio \u201c19 de Febrero\u201d, <strong>ubicado en el barrio CECO,<\/strong> donde se llev\u00f3 adelante una reforma que presenta en la actualidad un<strong> avance de ejecuci\u00f3n del 90%.<\/strong><\/p>\n<p>&nbsp;<\/p>\n<p>La reforma en el CEF 44 comprendi\u00f3 la ampliaci\u00f3n y refacci\u00f3n completa de ba\u00f1os y vestuarios, el cierre de un sector de planta alta para gimnasia art\u00edstica, la ejecuci\u00f3n de un nuevo volumen donde se ubica la secretar\u00eda y la construcci\u00f3n de un techo semicubierto de canchas de tejo. Asimismo incluye la nueva instalaci\u00f3n el\u00e9ctrica de iluminaci\u00f3n y tomas en los sectores intervenidos y secretar\u00eda, divisi\u00f3n de un espacio mediante tabiques en el lugar destinado a dep\u00f3sitos y trabajos de pintura en el nuevo volumen a ejecutar, en ba\u00f1os, vestuarios y sector de tejo, intervenci\u00f3n de instalaci\u00f3n sanitaria e instalaci\u00f3n de gas.<\/p>\n<p>&nbsp;<\/p>\n<p><img data-recalc-dims=\"1\" loading=\"lazy\" decoding=\"async\" class=\"aligncenter wp-image-53217 size-large\" src=\"https:\/\/i0.wp.com\/cdnoticias.com\/wp-content\/uploads\/2022\/04\/Obras-Cef-N%C2%B044-1-scaled-1-1024x684.jpg?resize=800%2C534&#038;ssl=1\" alt=\"\" width=\"800\" height=\"534\" srcset=\"https:\/\/i0.wp.com\/cdnoticias.com\/wp-content\/uploads\/2022\/04\/Obras-Cef-N%C2%B044-1-scaled-1.jpg?resize=1024%2C684&amp;ssl=1 1024w, https:\/\/i0.wp.com\/cdnoticias.com\/wp-content\/uploads\/2022\/04\/Obras-Cef-N%C2%B044-1-scaled-1.jpg?resize=300%2C201&amp;ssl=1 300w, https:\/\/i0.wp.com\/cdnoticias.com\/wp-content\/uploads\/2022\/04\/Obras-Cef-N%C2%B044-1-scaled-1.jpg?resize=768%2C513&amp;ssl=1 768w, https:\/\/i0.wp.com\/cdnoticias.com\/wp-content\/uploads\/2022\/04\/Obras-Cef-N%C2%B044-1-scaled-1.jpg?resize=1536%2C1027&amp;ssl=1 1536w, https:\/\/i0.wp.com\/cdnoticias.com\/wp-content\/uploads\/2022\/04\/Obras-Cef-N%C2%B044-1-scaled-1.jpg?resize=2048%2C1369&amp;ssl=1 2048w, https:\/\/i0.wp.com\/cdnoticias.com\/wp-content\/uploads\/2022\/04\/Obras-Cef-N%C2%B044-1-scaled-1.jpg?resize=272%2C182&amp;ssl=1 272w, https:\/\/i0.wp.com\/cdnoticias.com\/wp-content\/uploads\/2022\/04\/Obras-Cef-N%C2%B044-1-scaled-1.jpg?w=1600&amp;ssl=1 1600w, https:\/\/i0.wp.com\/cdnoticias.com\/wp-content\/uploads\/2022\/04\/Obras-Cef-N%C2%B044-1-scaled-1.jpg?w=2400&amp;ssl=1 2400w\" sizes=\"auto, (max-width: 800px) 100vw, 800px\" \/><\/p>\n<p>&nbsp;<\/p>\n<p>Durante la recorrida de obra<strong>, el Intendente estuvo acompa\u00f1ado por el secretario de Mantenimiento y Obras P\u00fablicas Julio Ferraro,<\/strong> quien detall\u00f3 que actualmente se llevan adelante las tareas de pintura, instalaci\u00f3n el\u00e9ctrica, colocaci\u00f3n de z\u00f3calos, empastinado y conexiones de servicio.<\/p>\n<p>&nbsp;<\/p>\n<p>La <strong>ampliaci\u00f3n de CEF N.\u00ba 44 permitir\u00e1 contar con nuevas instalaciones<\/strong>, que fueron totalmente renovadas, para el <strong>desarrollo de las diferentes disciplinas deportivas que all\u00ed se practican.<\/strong><\/p>\n","protected":false},"excerpt":{"rendered":"<p>El intendente Ezequiel Galli visit\u00f3 las instalaciones del CEF N.\u00ba 44 ubicado en el barrio CECO.<\/p>\n","protected":false},"author":6,"featured_media":53216,"comment_status":"closed","ping_status":"closed","sticky":false,"template":"","format":"standard","meta":{"_jetpack_memberships_contains_paid_content":false,"footnotes":""},"categories":[5,1],"tags":[],"class_list":["post-53215","post","type-post","status-publish","format-standard","has-post-thumbnail","hentry","category-informacion-general","category-portada"],"jetpack_featured_media_url":"https:\/\/i0.wp.com\/cdnoticias.com\/wp-content\/uploads\/2022\/04\/Obras-Cef-N%C2%B044-3-scaled-1.jpg?fit=2560%2C1711&ssl=1","jetpack_sharing_enabled":true,"_links":{"self":[{"href":"https:\/\/cdnoticias.com\/index.php\/wp-json\/wp\/v2\/posts\/53215","targetHints":{"allow":["GET"]}}],"collection":[{"href":"https:\/\/cdnoticias.com\/index.php\/wp-json\/wp\/v2\/posts"}],"about":[{"href":"https:\/\/cdnoticias.com\/index.php\/wp-json\/wp\/v2\/types\/post"}],"author":[{"embeddable":true,"href":"https:\/\/cdnoticias.com\/index.php\/wp-json\/wp\/v2\/users\/6"}],"replies":[{"embeddable":true,"href":"https:\/\/cdnoticias.com\/index.php\/wp-json\/wp\/v2\/comments?post=53215"}],"version-history":[{"count":0,"href":"https:\/\/cdnoticias.com\/index.php\/wp-json\/wp\/v2\/posts\/53215\/revisions"}],"wp:featuredmedia":[{"embeddable":true,"href":"https:\/\/cdnoticias.com\/index.php\/wp-json\/wp\/v2\/media\/53216"}],"wp:attachment":[{"href":"https:\/\/cdnoticias.com\/index.php\/wp-json\/wp\/v2\/media?parent=53215"}],"wp:term":[{"taxonomy":"category","embeddable":true,"href":"https:\/\/cdnoticias.com\/index.php\/wp-json\/wp\/v2\/categories?post=53215"},{"taxonomy":"post_tag","embeddable":true,"href":"https:\/\/cdnoticias.com\/index.php\/wp-json\/wp\/v2\/tags?post=53215"}],"curies":[{"name":"wp","href":"https:\/\/api.w.org\/{rel}","templated":true}]}}