{"id":53194,"date":"2022-04-29T17:53:16","date_gmt":"2022-04-29T20:53:16","guid":{"rendered":"https:\/\/www.centraldenoticias.com.ar\/?p=53194"},"modified":"2022-04-29T17:53:16","modified_gmt":"2022-04-29T20:53:16","slug":"covid-19-se-registraron-11-casos-positivos-en-la-ciudad-de-olavarria","status":"publish","type":"post","link":"https:\/\/cdnoticias.com\/index.php\/2022\/04\/29\/covid-19-se-registraron-11-casos-positivos-en-la-ciudad-de-olavarria\/","title":{"rendered":"Covid 19: se registraron 11 casos positivos en la ciudad de Olavarr\u00eda"},"content":{"rendered":"<p>Adem\u00e1s se indic\u00f3 que 16 personas transitan la enfermedad. No hay pacientes internados en el Hospital Municipal. <!--more--><\/p>\n<hr \/>\n<p>&nbsp;<\/p>\n<p>Desde la <strong>Secretar\u00eda de Salud<\/strong> del Municipio se emiti\u00f3 el <strong>informe sanitario\u00a0<\/strong>correspondiente a la semana del 25 al 29 de abril.<\/p>\n<p>&nbsp;<\/p>\n<p><img data-recalc-dims=\"1\" loading=\"lazy\" decoding=\"async\" class=\"aligncenter wp-image-53196 size-large\" src=\"https:\/\/i0.wp.com\/cdnoticias.com\/wp-content\/uploads\/2022\/04\/WhatsApp-Image-2022-04-29-at-5.44.27-PM.jpeg?resize=800%2C800&#038;ssl=1\" alt=\"\" width=\"800\" height=\"800\" srcset=\"https:\/\/i0.wp.com\/cdnoticias.com\/wp-content\/uploads\/2022\/04\/WhatsApp-Image-2022-04-29-at-5.44.27-PM.jpeg?resize=1024%2C1024&amp;ssl=1 1024w, https:\/\/i0.wp.com\/cdnoticias.com\/wp-content\/uploads\/2022\/04\/WhatsApp-Image-2022-04-29-at-5.44.27-PM.jpeg?resize=300%2C300&amp;ssl=1 300w, https:\/\/i0.wp.com\/cdnoticias.com\/wp-content\/uploads\/2022\/04\/WhatsApp-Image-2022-04-29-at-5.44.27-PM.jpeg?resize=150%2C150&amp;ssl=1 150w, https:\/\/i0.wp.com\/cdnoticias.com\/wp-content\/uploads\/2022\/04\/WhatsApp-Image-2022-04-29-at-5.44.27-PM.jpeg?resize=768%2C768&amp;ssl=1 768w, https:\/\/i0.wp.com\/cdnoticias.com\/wp-content\/uploads\/2022\/04\/WhatsApp-Image-2022-04-29-at-5.44.27-PM.jpeg?w=1280&amp;ssl=1 1280w\" sizes=\"auto, (max-width: 800px) 100vw, 800px\" \/><\/p>\n<p>&nbsp;<\/p>\n<p>Del mismo se desprende que<strong> fueron 203 los testeos que se realizaron, de los cuales 11 fueron positivos y 192 negativos para Covid-19.<\/strong><\/p>\n<p>&nbsp;<\/p>\n<p><img data-recalc-dims=\"1\" loading=\"lazy\" decoding=\"async\" class=\"aligncenter wp-image-53197 size-large\" src=\"https:\/\/i0.wp.com\/cdnoticias.com\/wp-content\/uploads\/2022\/04\/WhatsApp-Image-2022-04-29-at-5.44.24-PM-1.jpeg?resize=800%2C800&#038;ssl=1\" alt=\"\" width=\"800\" height=\"800\" srcset=\"https:\/\/i0.wp.com\/cdnoticias.com\/wp-content\/uploads\/2022\/04\/WhatsApp-Image-2022-04-29-at-5.44.24-PM-1.jpeg?resize=1024%2C1024&amp;ssl=1 1024w, https:\/\/i0.wp.com\/cdnoticias.com\/wp-content\/uploads\/2022\/04\/WhatsApp-Image-2022-04-29-at-5.44.24-PM-1.jpeg?resize=300%2C300&amp;ssl=1 300w, https:\/\/i0.wp.com\/cdnoticias.com\/wp-content\/uploads\/2022\/04\/WhatsApp-Image-2022-04-29-at-5.44.24-PM-1.jpeg?resize=150%2C150&amp;ssl=1 150w, https:\/\/i0.wp.com\/cdnoticias.com\/wp-content\/uploads\/2022\/04\/WhatsApp-Image-2022-04-29-at-5.44.24-PM-1.jpeg?resize=768%2C767&amp;ssl=1 768w, https:\/\/i0.wp.com\/cdnoticias.com\/wp-content\/uploads\/2022\/04\/WhatsApp-Image-2022-04-29-at-5.44.24-PM-1.jpeg?w=1280&amp;ssl=1 1280w\" sizes=\"auto, (max-width: 800px) 100vw, 800px\" \/><\/p>\n<p>&nbsp;<\/p>\n<p>Por otro lado, <strong>cuatro pacientes recibieron el alta m\u00e9dica<\/strong>, por lo que son<strong> diecis\u00e9is las personas que transitan la enfermedad<\/strong> en Olavarr\u00eda. La mayor\u00eda de los <strong>pacientes activos tiene menos de 60 a\u00f1os.<\/strong><\/p>\n<p>&nbsp;<\/p>\n<p><img data-recalc-dims=\"1\" loading=\"lazy\" decoding=\"async\" class=\"aligncenter wp-image-53195 size-large\" src=\"https:\/\/i0.wp.com\/cdnoticias.com\/wp-content\/uploads\/2022\/04\/WhatsApp-Image-2022-04-29-at-5.44.27-PM-1.jpeg?resize=800%2C800&#038;ssl=1\" alt=\"\" width=\"800\" height=\"800\" srcset=\"https:\/\/i0.wp.com\/cdnoticias.com\/wp-content\/uploads\/2022\/04\/WhatsApp-Image-2022-04-29-at-5.44.27-PM-1.jpeg?resize=1024%2C1024&amp;ssl=1 1024w, https:\/\/i0.wp.com\/cdnoticias.com\/wp-content\/uploads\/2022\/04\/WhatsApp-Image-2022-04-29-at-5.44.27-PM-1.jpeg?resize=300%2C300&amp;ssl=1 300w, https:\/\/i0.wp.com\/cdnoticias.com\/wp-content\/uploads\/2022\/04\/WhatsApp-Image-2022-04-29-at-5.44.27-PM-1.jpeg?resize=150%2C150&amp;ssl=1 150w, https:\/\/i0.wp.com\/cdnoticias.com\/wp-content\/uploads\/2022\/04\/WhatsApp-Image-2022-04-29-at-5.44.27-PM-1.jpeg?resize=768%2C768&amp;ssl=1 768w, https:\/\/i0.wp.com\/cdnoticias.com\/wp-content\/uploads\/2022\/04\/WhatsApp-Image-2022-04-29-at-5.44.27-PM-1.jpeg?w=1280&amp;ssl=1 1280w\" sizes=\"auto, (max-width: 800px) 100vw, 800px\" \/><\/p>\n<p>&nbsp;<\/p>\n<p>Por \u00faltimo se indic\u00f3 que la positividad fue de 5.4% y que<strong> no hay pacientes internados en el Hospital Municipal debido a la enfermedad.<\/strong><\/p>\n<p>&nbsp;<\/p>\n<p><img data-recalc-dims=\"1\" loading=\"lazy\" decoding=\"async\" class=\"aligncenter wp-image-53198 size-large\" src=\"https:\/\/i0.wp.com\/cdnoticias.com\/wp-content\/uploads\/2022\/04\/WhatsApp-Image-2022-04-29-at-5.44.24-PM.jpeg?resize=800%2C800&#038;ssl=1\" alt=\"\" width=\"800\" height=\"800\" srcset=\"https:\/\/i0.wp.com\/cdnoticias.com\/wp-content\/uploads\/2022\/04\/WhatsApp-Image-2022-04-29-at-5.44.24-PM.jpeg?resize=1024%2C1024&amp;ssl=1 1024w, https:\/\/i0.wp.com\/cdnoticias.com\/wp-content\/uploads\/2022\/04\/WhatsApp-Image-2022-04-29-at-5.44.24-PM.jpeg?resize=300%2C300&amp;ssl=1 300w, https:\/\/i0.wp.com\/cdnoticias.com\/wp-content\/uploads\/2022\/04\/WhatsApp-Image-2022-04-29-at-5.44.24-PM.jpeg?resize=150%2C150&amp;ssl=1 150w, https:\/\/i0.wp.com\/cdnoticias.com\/wp-content\/uploads\/2022\/04\/WhatsApp-Image-2022-04-29-at-5.44.24-PM.jpeg?resize=768%2C768&amp;ssl=1 768w, https:\/\/i0.wp.com\/cdnoticias.com\/wp-content\/uploads\/2022\/04\/WhatsApp-Image-2022-04-29-at-5.44.24-PM.jpeg?w=1280&amp;ssl=1 1280w\" sizes=\"auto, (max-width: 800px) 100vw, 800px\" \/><\/p>\n","protected":false},"excerpt":{"rendered":"<p>Adem\u00e1s se indic\u00f3 que 16 personas transitan la enfermedad. No hay pacientes internados en el Hospital Municipal.<\/p>\n","protected":false},"author":6,"featured_media":50369,"comment_status":"closed","ping_status":"closed","sticky":false,"template":"","format":"standard","meta":{"_jetpack_memberships_contains_paid_content":false,"footnotes":""},"categories":[16,1],"tags":[],"class_list":["post-53194","post","type-post","status-publish","format-standard","has-post-thumbnail","hentry","category-covid-19","category-portada"],"jetpack_featured_media_url":"https:\/\/i0.wp.com\/cdnoticias.com\/wp-content\/uploads\/2022\/03\/Hospital-Municipal-Drone.jpg?fit=800%2C445&ssl=1","jetpack_sharing_enabled":true,"_links":{"self":[{"href":"https:\/\/cdnoticias.com\/index.php\/wp-json\/wp\/v2\/posts\/53194","targetHints":{"allow":["GET"]}}],"collection":[{"href":"https:\/\/cdnoticias.com\/index.php\/wp-json\/wp\/v2\/posts"}],"about":[{"href":"https:\/\/cdnoticias.com\/index.php\/wp-json\/wp\/v2\/types\/post"}],"author":[{"embeddable":true,"href":"https:\/\/cdnoticias.com\/index.php\/wp-json\/wp\/v2\/users\/6"}],"replies":[{"embeddable":true,"href":"https:\/\/cdnoticias.com\/index.php\/wp-json\/wp\/v2\/comments?post=53194"}],"version-history":[{"count":0,"href":"https:\/\/cdnoticias.com\/index.php\/wp-json\/wp\/v2\/posts\/53194\/revisions"}],"wp:featuredmedia":[{"embeddable":true,"href":"https:\/\/cdnoticias.com\/index.php\/wp-json\/wp\/v2\/media\/50369"}],"wp:attachment":[{"href":"https:\/\/cdnoticias.com\/index.php\/wp-json\/wp\/v2\/media?parent=53194"}],"wp:term":[{"taxonomy":"category","embeddable":true,"href":"https:\/\/cdnoticias.com\/index.php\/wp-json\/wp\/v2\/categories?post=53194"},{"taxonomy":"post_tag","embeddable":true,"href":"https:\/\/cdnoticias.com\/index.php\/wp-json\/wp\/v2\/tags?post=53194"}],"curies":[{"name":"wp","href":"https:\/\/api.w.org\/{rel}","templated":true}]}}