{"id":5317,"date":"2020-10-31T12:50:28","date_gmt":"2020-10-31T15:50:28","guid":{"rendered":"http:\/\/www.centraldenoticias.com.ar\/?p=5317"},"modified":"2020-10-31T12:50:28","modified_gmt":"2020-10-31T15:50:28","slug":"programa-pre-viaje-extienden-dos-semanas-el-plazo-de-inscripcion","status":"publish","type":"post","link":"https:\/\/cdnoticias.com\/index.php\/2020\/10\/31\/programa-pre-viaje-extienden-dos-semanas-el-plazo-de-inscripcion\/","title":{"rendered":"Programa pre viaje: extienden dos semanas el plazo de inscripci\u00f3n"},"content":{"rendered":"<p>El plazo para sumarse a este programa de reintegro del 50% de servicios tur\u00edsticos se extendi\u00f3 hasta el 15 de diciembre. Es una iniciativa del Ministerio de Turismo y Deportes de la Naci\u00f3n, y tuvo una amplia aceptaci\u00f3n en consumidores y el sector tur\u00edstico.<!--more--><\/p>\n<hr \/>\n<p>Tras una buena recepci\u00f3n y n\u00fameros positivos para el sector tur\u00edsticos, <strong>extendieron el plazo de inscripci\u00f3n para la compra de servicios tur\u00edsticos para viajar en enero y febrero de 2021 con acceso a los reintegros del 50% establecidos en el marco del programa PreViaje.<\/strong> Ahora, ser\u00e1 hasta el 15 de diciembre.<\/p>\n<p>&nbsp;<\/p>\n<p>La decisi\u00f3n la tom\u00f3 el Ministerio de Turismo y Deportes de la Naci\u00f3n y fue celebrada desde el sector tur\u00edstico. Incluso, hab\u00eda un pedido de los empresarios de extender el plazo para <em>\u201cmaximizar el aprovechamiento de los beneficios\u201d<\/em> de este<strong> programa de preventa tur\u00edstica que busca impulsar la reactivaci\u00f3n de uno de los rubros m\u00e1s golpeados por la pandemia.<\/strong><\/p>\n<p>&nbsp;<\/p>\n<blockquote><p>En tanto, los turistas que quieran viajar entre marzo y diciembre del a\u00f1o pr\u00f3ximo tendr\u00e1n plazo hasta el 31 de diciembre para adherir a los beneficios de este plan.<\/p><\/blockquote>\n<p>&nbsp;<\/p>\n<p><em>\u201cEl programa tuvo una muy buena recepci\u00f3n y gener\u00f3 muchas consultas, pero era necesario sumar m\u00e1s tiempo para que se conviertan en ventas y as\u00ed impulsar la temporada de verano en nuestro pa\u00eds\u201d<\/em>, se\u00f1al\u00f3 la Federaci\u00f3n Argentina de Empresas de Viajes y Turismo (Faevyt).<\/p>\n<p>&nbsp;<\/p>\n<p><strong><em>\u201cEs importante que los argentinos sepan que lleg\u00f3 el momento de volver a viajar y que las agencias de viajes son la mejor manera de contratar y aprovechar los beneficios del programa de Previaje&#8221;<\/em><\/strong>, agreg\u00f3 la Faevyt a trav\u00e9s de un comunicado de prensa.<\/p>\n<p>&nbsp;<\/p>\n<p>Por su parte, la C\u00e1mara Argentina de Turismo (CAT) mostr\u00f3 su satisfacci\u00f3n por la pr\u00f3rroga, aunque estim\u00f3 que ese plazo se deber\u00eda ampliar.<\/p>\n<p>&nbsp;<\/p>\n<p>El plan, que<strong> inyectar\u00e1 30.000 millones de pesos en el sector, prev\u00e9 que el Ministerio de Turismo y Deportes aporte unos 16.500 millones de pesos mediante la entrega de un subsidio a los turistas equivalente al 50% del valor del gasto que efect\u00faen en la contrataci\u00f3n de un viaje, con un tope m\u00e1ximo de reintegros de 100 mil pesos y uno m\u00ednimo de 5 mil pesos.<\/strong><\/p>\n<p>&nbsp;<\/p>\n<p>La promoci\u00f3n abarca los <strong>alojamientos, agencias de viajes, transporte, excursiones, centros tur\u00edsticos, alquiler de autom\u00f3viles y equipamiento, atractivos tur\u00edsticos, gastronom\u00eda, entretenimiento y ocio, productos regionales, ferias y convenciones y otros servicios tur\u00edsticos.<\/strong><\/p>\n","protected":false},"excerpt":{"rendered":"<p>El plazo para sumarse a este programa de reintegro del 50% de servicios tur\u00edsticos se extendi\u00f3 hasta el 15 de<\/p>\n","protected":false},"author":2,"featured_media":5318,"comment_status":"closed","ping_status":"closed","sticky":false,"template":"","format":"standard","meta":{"_jetpack_memberships_contains_paid_content":false,"footnotes":""},"categories":[6,1],"tags":[],"class_list":["post-5317","post","type-post","status-publish","format-standard","has-post-thumbnail","hentry","category-nacionales","category-portada"],"jetpack_featured_media_url":"https:\/\/i0.wp.com\/cdnoticias.com\/wp-content\/uploads\/2020\/10\/la-falda.jpg?fit=1000%2C600&ssl=1","jetpack_sharing_enabled":true,"_links":{"self":[{"href":"https:\/\/cdnoticias.com\/index.php\/wp-json\/wp\/v2\/posts\/5317","targetHints":{"allow":["GET"]}}],"collection":[{"href":"https:\/\/cdnoticias.com\/index.php\/wp-json\/wp\/v2\/posts"}],"about":[{"href":"https:\/\/cdnoticias.com\/index.php\/wp-json\/wp\/v2\/types\/post"}],"author":[{"embeddable":true,"href":"https:\/\/cdnoticias.com\/index.php\/wp-json\/wp\/v2\/users\/2"}],"replies":[{"embeddable":true,"href":"https:\/\/cdnoticias.com\/index.php\/wp-json\/wp\/v2\/comments?post=5317"}],"version-history":[{"count":0,"href":"https:\/\/cdnoticias.com\/index.php\/wp-json\/wp\/v2\/posts\/5317\/revisions"}],"wp:featuredmedia":[{"embeddable":true,"href":"https:\/\/cdnoticias.com\/index.php\/wp-json\/wp\/v2\/media\/5318"}],"wp:attachment":[{"href":"https:\/\/cdnoticias.com\/index.php\/wp-json\/wp\/v2\/media?parent=5317"}],"wp:term":[{"taxonomy":"category","embeddable":true,"href":"https:\/\/cdnoticias.com\/index.php\/wp-json\/wp\/v2\/categories?post=5317"},{"taxonomy":"post_tag","embeddable":true,"href":"https:\/\/cdnoticias.com\/index.php\/wp-json\/wp\/v2\/tags?post=5317"}],"curies":[{"name":"wp","href":"https:\/\/api.w.org\/{rel}","templated":true}]}}