{"id":53091,"date":"2022-04-28T21:11:49","date_gmt":"2022-04-29T00:11:49","guid":{"rendered":"https:\/\/www.centraldenoticias.com.ar\/?p=53091"},"modified":"2022-04-29T08:45:57","modified_gmt":"2022-04-29T11:45:57","slug":"el-estado-cerca-tuyo-se-suma-a-las-postas-itinerantes-de-vacunacion-y-estaran-en-distintos-clubes","status":"publish","type":"post","link":"https:\/\/cdnoticias.com\/index.php\/2022\/04\/28\/el-estado-cerca-tuyo-se-suma-a-las-postas-itinerantes-de-vacunacion-y-estaran-en-distintos-clubes\/","title":{"rendered":"El Estado Cerca Tuyo se suma a las postas itinerantes de vacunaci\u00f3n y estar\u00e1n en distintos clubes"},"content":{"rendered":"<p>Ser\u00e1 a partir del mes de mayo. Realizar\u00e1n vacunaci\u00f3n COVID y se podr\u00e1 acceder a diferentes tr\u00e1mites.<!--more--><\/p>\n<hr \/>\n<p>El <strong>Estado Cerca Tuyo se sumar\u00e1 a las postas itinerantes de vacunaci\u00f3n y estar\u00e1n en distintos clubes.<\/strong> All\u00ed realizar\u00e1n <strong>vacunaci\u00f3n COVID y se podr\u00e1 acceder a diferentes tr\u00e1mites<\/strong>. La iniciativa surge de un convenio entre la Uni\u00f3n de Clubes y los organizadores de los operativos interministeriales.<\/p>\n<p>&nbsp;<\/p>\n<p>Este pasado mi\u00e9rcoles, <strong>Maximiliano Wesner<\/strong> de ANSES, <strong>Mar\u00eda Jos\u00e9 Maidana<\/strong> del Centro de Acceso a la Justicia y <strong>Ramiro Borzi<\/strong> director de Regi\u00f3n Sanitaria IX,<strong> se reunieron con Jos\u00e9 Maceo, presidente de la Uni\u00f3n de Clubes<\/strong> y mantuvieron un encuentro para definir la din\u00e1mica de estos operativos.<\/p>\n<p>&nbsp;<\/p>\n<p><img data-recalc-dims=\"1\" loading=\"lazy\" decoding=\"async\" class=\"aligncenter wp-image-53093 size-large\" src=\"https:\/\/i0.wp.com\/cdnoticias.com\/wp-content\/uploads\/2022\/04\/WhatsApp-Image-2022-04-28-at-6.45.03-PM.jpeg?resize=800%2C481&#038;ssl=1\" alt=\"\" width=\"800\" height=\"481\" srcset=\"https:\/\/i0.wp.com\/cdnoticias.com\/wp-content\/uploads\/2022\/04\/WhatsApp-Image-2022-04-28-at-6.45.03-PM.jpeg?resize=1024%2C616&amp;ssl=1 1024w, https:\/\/i0.wp.com\/cdnoticias.com\/wp-content\/uploads\/2022\/04\/WhatsApp-Image-2022-04-28-at-6.45.03-PM.jpeg?resize=300%2C181&amp;ssl=1 300w, https:\/\/i0.wp.com\/cdnoticias.com\/wp-content\/uploads\/2022\/04\/WhatsApp-Image-2022-04-28-at-6.45.03-PM.jpeg?resize=768%2C462&amp;ssl=1 768w, https:\/\/i0.wp.com\/cdnoticias.com\/wp-content\/uploads\/2022\/04\/WhatsApp-Image-2022-04-28-at-6.45.03-PM.jpeg?w=1080&amp;ssl=1 1080w\" sizes=\"auto, (max-width: 800px) 100vw, 800px\" \/><\/p>\n<p>&nbsp;<\/p>\n<p>&#8220;Estas iniciativas <strong>se vienen realizando con \u00e9xito en diferentes puntos de la ciudad y las localidades<\/strong> con el fin de brindar soluciones y dar respuesta a los vecinos y vecinas. <strong>Podr\u00e1n vacunarse contra el COVID, recibir asesoramiento legal, acompa\u00f1amiento psicosocial y realizar diferentes tr\u00e1mites.<\/strong> Las <strong>jornadas ser\u00e1n los jueves y viernes,<\/strong> y ser\u00e1n anunciadas con anterioridad&#8221; se indic\u00f3.<\/p>\n","protected":false},"excerpt":{"rendered":"<p>Ser\u00e1 a partir del mes de mayo. Realizar\u00e1n vacunaci\u00f3n COVID y se podr\u00e1 acceder a diferentes tr\u00e1mites.<\/p>\n","protected":false},"author":6,"featured_media":53092,"comment_status":"closed","ping_status":"closed","sticky":false,"template":"","format":"standard","meta":{"_jetpack_memberships_contains_paid_content":false,"footnotes":""},"categories":[5,1],"tags":[],"class_list":["post-53091","post","type-post","status-publish","format-standard","has-post-thumbnail","hentry","category-informacion-general","category-portada"],"jetpack_featured_media_url":"https:\/\/i0.wp.com\/cdnoticias.com\/wp-content\/uploads\/2022\/04\/WhatsApp-Image-2022-04-28-at-6.45.09-PM.jpeg?fit=1080%2C743&ssl=1","jetpack_sharing_enabled":true,"_links":{"self":[{"href":"https:\/\/cdnoticias.com\/index.php\/wp-json\/wp\/v2\/posts\/53091","targetHints":{"allow":["GET"]}}],"collection":[{"href":"https:\/\/cdnoticias.com\/index.php\/wp-json\/wp\/v2\/posts"}],"about":[{"href":"https:\/\/cdnoticias.com\/index.php\/wp-json\/wp\/v2\/types\/post"}],"author":[{"embeddable":true,"href":"https:\/\/cdnoticias.com\/index.php\/wp-json\/wp\/v2\/users\/6"}],"replies":[{"embeddable":true,"href":"https:\/\/cdnoticias.com\/index.php\/wp-json\/wp\/v2\/comments?post=53091"}],"version-history":[{"count":0,"href":"https:\/\/cdnoticias.com\/index.php\/wp-json\/wp\/v2\/posts\/53091\/revisions"}],"wp:featuredmedia":[{"embeddable":true,"href":"https:\/\/cdnoticias.com\/index.php\/wp-json\/wp\/v2\/media\/53092"}],"wp:attachment":[{"href":"https:\/\/cdnoticias.com\/index.php\/wp-json\/wp\/v2\/media?parent=53091"}],"wp:term":[{"taxonomy":"category","embeddable":true,"href":"https:\/\/cdnoticias.com\/index.php\/wp-json\/wp\/v2\/categories?post=53091"},{"taxonomy":"post_tag","embeddable":true,"href":"https:\/\/cdnoticias.com\/index.php\/wp-json\/wp\/v2\/tags?post=53091"}],"curies":[{"name":"wp","href":"https:\/\/api.w.org\/{rel}","templated":true}]}}