{"id":53086,"date":"2022-05-03T19:42:43","date_gmt":"2022-05-03T22:42:43","guid":{"rendered":"https:\/\/www.centraldenoticias.com.ar\/?p=53086"},"modified":"2022-05-03T19:42:43","modified_gmt":"2022-05-03T22:42:43","slug":"coopelectric-se-reunio-con-las-sociedades-de-fomento-juan-bautista-alberdi-y-roca-merlo","status":"publish","type":"post","link":"https:\/\/cdnoticias.com\/index.php\/2022\/05\/03\/coopelectric-se-reunio-con-las-sociedades-de-fomento-juan-bautista-alberdi-y-roca-merlo\/","title":{"rendered":"Coopelectric se reuni\u00f3 con las Sociedades de Fomento &#8220;Juan Bautista Alberdi&#8221; y &#8220;Roca Merlo&#8221;"},"content":{"rendered":"<p>La reuni\u00f3n fue en el marco del Programa &#8220;Di\u00e1logos Comunitarios\u201d. <!--more--><\/p>\n<hr \/>\n<p>&nbsp;<\/p>\n<p>En el marco del<strong> Programa &#8220;Di\u00e1logos Comunitarios\u201d Coopelectric recibi\u00f3 en su sede administrativa<\/strong> la visita de los <strong>representantes de las Sociedades de Fomento \u201cJuan Bautista Alberdi\u201d y \u201cRoca Merlo\u201d.<\/strong><\/p>\n<p>&nbsp;<\/p>\n<p>De la primera reuni\u00f3n participaron el presidente del Consejo de Administraci\u00f3n de Coopelectric Cruz Arouxet, el secretario Alberto Miotti, el tesorero Carlos D\u00edaz, el prosecretario Oscar Angeletti, el protesorero Jorge Rodr\u00edguez Setzes, el vocal Jos\u00e9 Mor\u00e1n, el presidente del cuerpo de Delegados Ignacio Pagano, el presidente de la Sociedad de Fomento \u201cJuan Bautista Alberdi\u201d Sergio Marfil y el vocal de la entidad Mario Gabriel Casiraghi.<\/p>\n<p>&nbsp;<\/p>\n<p>Durante el encuentro <strong>dialogaron sobre las prestaciones que brinda la Cooperativa<\/strong>, en especial sobre los <strong>Servicios El\u00e9ctrico y Sanitario.<\/strong> Desde Coopelectric se destac\u00f3 que en caso de ser consultados por alg\u00fan vecino en situaci\u00f3n de vulnerabilidad y deuda en los servicios, se lo invite a acercarse a la sede administrativa para poder regularizar su situaci\u00f3n contemplando las necesidades de su familia. Al mismo tiempo, <strong>se les entreg\u00f3 Boletines Informativos con las v\u00edas de comunicaci\u00f3n para realizar reclamos<\/strong>, a los efectos de hacerlos llegar a los vecinos que se acercan a la instituci\u00f3n.<\/p>\n<p>&nbsp;<\/p>\n<p>Los<strong> fomentistas brindaron informaci\u00f3n sobre la labor que llevan adelante<\/strong>, las actividades deportivas que ofrecen en el barrio y las refacciones edilicias en las que est\u00e1n trabajando para poder finalizar con el techado de la cocina y los ba\u00f1os.<\/p>\n<p>&nbsp;<\/p>\n<p>En tanto, en la segunda reuni\u00f3n estuvieron presentes Cruz Arouxet, Alberto Miotti, Jos\u00e9 Mor\u00e1n, el vocal Juan Urrutia, el s\u00edndico Horacio Balbiani, el presidente de la Sociedad de Fomento \u201cRoca Merlo\u201d Sergio Castrovinci y el secretario Eduardo Kriger.<\/p>\n<p>&nbsp;<\/p>\n<p><img data-recalc-dims=\"1\" loading=\"lazy\" decoding=\"async\" class=\"aligncenter wp-image-53089 size-large\" src=\"https:\/\/i0.wp.com\/cdnoticias.com\/wp-content\/uploads\/2022\/04\/Soc-Fto-Roca-Merlo.jpeg?resize=800%2C450&#038;ssl=1\" alt=\"\" width=\"800\" height=\"450\" srcset=\"https:\/\/i0.wp.com\/cdnoticias.com\/wp-content\/uploads\/2022\/04\/Soc-Fto-Roca-Merlo.jpeg?resize=1024%2C576&amp;ssl=1 1024w, https:\/\/i0.wp.com\/cdnoticias.com\/wp-content\/uploads\/2022\/04\/Soc-Fto-Roca-Merlo.jpeg?resize=300%2C169&amp;ssl=1 300w, https:\/\/i0.wp.com\/cdnoticias.com\/wp-content\/uploads\/2022\/04\/Soc-Fto-Roca-Merlo.jpeg?resize=768%2C432&amp;ssl=1 768w, https:\/\/i0.wp.com\/cdnoticias.com\/wp-content\/uploads\/2022\/04\/Soc-Fto-Roca-Merlo.jpeg?w=1032&amp;ssl=1 1032w\" sizes=\"auto, (max-width: 800px) 100vw, 800px\" \/><\/p>\n<p>&nbsp;<\/p>\n<p>Los integrantes del Consejo de Administraci\u00f3n los felicitaron por su designaci\u00f3n al frente de la Comisi\u00f3n Directiva de la entidad y les desearon una excelente gesti\u00f3n. Las flamantes autoridades de la Sociedad de Fomento se refirieron a los proyectos planificados a corto y mediano plazo. Actualmente se encuentran gestionando aspectos legales y administrativos; esperan poder realizar reformas y algunos arreglos para optimizar las instalaciones y brindar nuevas actividades deportivas en pos de \u201cmejorar la instituci\u00f3n y abrirnos al barrio\u201d sostuvieron.<\/p>\n<p>&nbsp;<\/p>\n<p>Respecto de ambos encuentros,<strong> el titular de Coopelectric mencion\u00f3 \u201capostamos al di\u00e1logo y al fortalecimiento de nuestros lazos con las entidades intermedias. La Cooperativa est\u00e1 al servicio de ellas para acompa\u00f1arlas y brindar nuestra colaboraci\u00f3n en lo que necesiten\u201d.<\/strong><\/p>\n<p>&nbsp;<\/p>\n<p><strong>Programa \u201cDi\u00e1logos Comunitarios\u201d<\/strong><\/p>\n<p>&nbsp;<\/p>\n<p>El <strong>Programa impulsado por Coopelectric<\/strong>, promueve espacios de encuentro con referentes de juntas vecinales, sociedades de fomento, entidades barriales, instituciones deportivas, educativas, asociaciones civiles sin fines de lucro, ONG\u00b4s, entre otras; con la finalidad de<strong> abordar tem\u00e1ticas vinculadas a las prestaciones que brinda Coopelectric, profundizar el v\u00ednculo institucional y acordar acciones de trabajo concretas.<\/strong><\/p>\n<p>&nbsp;<\/p>\n<p>Las <strong>entidades interesadas en participar<\/strong> pueden solicitar un encuentro acerc\u00e1ndose de <strong>lunes a viernes de 7:30 a 14:30<\/strong> al \u00e1rea de Secretar\u00eda en la sede de Belgrano N\u00b0 2850 o contact\u00e1ndose a trav\u00e9s de la casilla de correo secretariaadministracion@coopelectric.com.ar<\/p>\n<p>&nbsp;<\/p>\n","protected":false},"excerpt":{"rendered":"<p>La reuni\u00f3n fue en el marco del Programa &#8220;Di\u00e1logos Comunitarios\u201d.<\/p>\n","protected":false},"author":6,"featured_media":53087,"comment_status":"closed","ping_status":"closed","sticky":false,"template":"","format":"standard","meta":{"_jetpack_memberships_contains_paid_content":false,"footnotes":""},"categories":[5],"tags":[],"class_list":["post-53086","post","type-post","status-publish","format-standard","has-post-thumbnail","hentry","category-informacion-general"],"jetpack_featured_media_url":"https:\/\/i0.wp.com\/cdnoticias.com\/wp-content\/uploads\/2022\/04\/Soc-Fto-Juan-Bautista-Alberdi.jpeg?fit=1032%2C774&ssl=1","jetpack_sharing_enabled":true,"_links":{"self":[{"href":"https:\/\/cdnoticias.com\/index.php\/wp-json\/wp\/v2\/posts\/53086","targetHints":{"allow":["GET"]}}],"collection":[{"href":"https:\/\/cdnoticias.com\/index.php\/wp-json\/wp\/v2\/posts"}],"about":[{"href":"https:\/\/cdnoticias.com\/index.php\/wp-json\/wp\/v2\/types\/post"}],"author":[{"embeddable":true,"href":"https:\/\/cdnoticias.com\/index.php\/wp-json\/wp\/v2\/users\/6"}],"replies":[{"embeddable":true,"href":"https:\/\/cdnoticias.com\/index.php\/wp-json\/wp\/v2\/comments?post=53086"}],"version-history":[{"count":0,"href":"https:\/\/cdnoticias.com\/index.php\/wp-json\/wp\/v2\/posts\/53086\/revisions"}],"wp:featuredmedia":[{"embeddable":true,"href":"https:\/\/cdnoticias.com\/index.php\/wp-json\/wp\/v2\/media\/53087"}],"wp:attachment":[{"href":"https:\/\/cdnoticias.com\/index.php\/wp-json\/wp\/v2\/media?parent=53086"}],"wp:term":[{"taxonomy":"category","embeddable":true,"href":"https:\/\/cdnoticias.com\/index.php\/wp-json\/wp\/v2\/categories?post=53086"},{"taxonomy":"post_tag","embeddable":true,"href":"https:\/\/cdnoticias.com\/index.php\/wp-json\/wp\/v2\/tags?post=53086"}],"curies":[{"name":"wp","href":"https:\/\/api.w.org\/{rel}","templated":true}]}}