{"id":53059,"date":"2022-04-29T08:14:44","date_gmt":"2022-04-29T11:14:44","guid":{"rendered":"https:\/\/www.centraldenoticias.com.ar\/?p=53059"},"modified":"2022-04-29T08:14:44","modified_gmt":"2022-04-29T11:14:44","slug":"juventud-peronista-olavarria-como-dijo-el-general-peron-hay-una-sola-clase-de-hombres-los-que-trabajan","status":"publish","type":"post","link":"https:\/\/cdnoticias.com\/index.php\/2022\/04\/29\/juventud-peronista-olavarria-como-dijo-el-general-peron-hay-una-sola-clase-de-hombres-los-que-trabajan\/","title":{"rendered":"Juventud Peronista Olavarr\u00eda: como dijo el General Per\u00f3n \u201chay una sola clase de hombres: los que trabajan\u201d"},"content":{"rendered":"<p>La agrupaci\u00f3n envi\u00f3 un comunicado en el marco del D\u00eda del Trabajador. &#8220;Reafirmamos el rol protag\u00f3nico que tienen las masas trabajadoras para engrandecer la patria&#8221; indicaron. <!--more--><\/p>\n<hr \/>\n<p>&nbsp;<\/p>\n<p>La <strong>Juventud Peronista Olavarr\u00eda<\/strong> envi\u00f3 un comunicado en el marco del <strong>D\u00eda del Trabajador.\u00a0<\/strong><\/p>\n<p>&nbsp;<\/p>\n<p>&#8220;Desde nuestro espacio pol\u00edtico, Juventud Peronista, queremos saludar a los y las trabajadores y trabajadoras de nuestra patria, por conmemorarse su d\u00eda,<strong> quienes con su esfuerzo diario forjan a la grandeza de la naci\u00f3n y que son los verdaderos protagonistas de la historia, de las grandes transformaciones sociales<\/strong>&#8221; indicaron.<\/p>\n<p>&nbsp;<\/p>\n<p><strong>&#8220;Como dijo el General Per\u00f3n \u201chay una sola clase de hombres: los que trabajan\u201d.<\/strong> En esta fecha tan importante <strong>reafirmamos el rol protag\u00f3nico que tienen las masas trabajadoras para engrandecer la patria y consigo dirigir su destino hacia la justicia social.<\/strong> Sin lugar a dudas <strong>es necesario reivindicar la lucha de los y las trabajadores y trabajadoras,<\/strong> para que la voz del sector m\u00e1s grande del pa\u00eds sea escuchada&#8221; agregaron.<\/p>\n<p>&nbsp;<\/p>\n<p>&#8220;En tiempos dif\u00edciles y de incertidumbre,<strong> nuestra mayor responsabilidad es defender los derechos de los trabajadores,<\/strong> aquellos conquistados a base de lucha y convicci\u00f3n pol\u00edtica, <strong>engrandecer nuestro pa\u00eds, lograr el bienestar y felicidad del pueblo,<\/strong> apostando por la producci\u00f3n y el trabajo&#8221; cerraron.<\/p>\n","protected":false},"excerpt":{"rendered":"<p>La agrupaci\u00f3n envi\u00f3 un comunicado en el marco del D\u00eda del Trabajador. &#8220;Reafirmamos el rol protag\u00f3nico que tienen las masas<\/p>\n","protected":false},"author":6,"featured_media":5223,"comment_status":"closed","ping_status":"closed","sticky":false,"template":"","format":"standard","meta":{"_jetpack_memberships_contains_paid_content":false,"footnotes":""},"categories":[4,1],"tags":[],"class_list":["post-53059","post","type-post","status-publish","format-standard","has-post-thumbnail","hentry","category-politica","category-portada"],"jetpack_featured_media_url":"https:\/\/i0.wp.com\/cdnoticias.com\/wp-content\/uploads\/2020\/10\/1.png?fit=1013%2C656&ssl=1","jetpack_sharing_enabled":true,"_links":{"self":[{"href":"https:\/\/cdnoticias.com\/index.php\/wp-json\/wp\/v2\/posts\/53059","targetHints":{"allow":["GET"]}}],"collection":[{"href":"https:\/\/cdnoticias.com\/index.php\/wp-json\/wp\/v2\/posts"}],"about":[{"href":"https:\/\/cdnoticias.com\/index.php\/wp-json\/wp\/v2\/types\/post"}],"author":[{"embeddable":true,"href":"https:\/\/cdnoticias.com\/index.php\/wp-json\/wp\/v2\/users\/6"}],"replies":[{"embeddable":true,"href":"https:\/\/cdnoticias.com\/index.php\/wp-json\/wp\/v2\/comments?post=53059"}],"version-history":[{"count":0,"href":"https:\/\/cdnoticias.com\/index.php\/wp-json\/wp\/v2\/posts\/53059\/revisions"}],"wp:featuredmedia":[{"embeddable":true,"href":"https:\/\/cdnoticias.com\/index.php\/wp-json\/wp\/v2\/media\/5223"}],"wp:attachment":[{"href":"https:\/\/cdnoticias.com\/index.php\/wp-json\/wp\/v2\/media?parent=53059"}],"wp:term":[{"taxonomy":"category","embeddable":true,"href":"https:\/\/cdnoticias.com\/index.php\/wp-json\/wp\/v2\/categories?post=53059"},{"taxonomy":"post_tag","embeddable":true,"href":"https:\/\/cdnoticias.com\/index.php\/wp-json\/wp\/v2\/tags?post=53059"}],"curies":[{"name":"wp","href":"https:\/\/api.w.org\/{rel}","templated":true}]}}