{"id":5305,"date":"2020-10-31T10:30:35","date_gmt":"2020-10-31T13:30:35","guid":{"rendered":"http:\/\/www.centraldenoticias.com.ar\/?p=5305"},"modified":"2020-10-31T10:30:35","modified_gmt":"2020-10-31T13:30:35","slug":"araceli-gorosito-viuda-de-otermin-pepa-q-e-p-d","status":"publish","type":"post","link":"https:\/\/cdnoticias.com\/index.php\/2020\/10\/31\/araceli-gorosito-viuda-de-otermin-pepa-q-e-p-d\/","title":{"rendered":"Araceli Gorosito viuda de Otermin &#8220;Pepa&#8221; (Q.E.P.D.)"},"content":{"rendered":"<p>Falleci\u00f3 en Olavarr\u00eda a los 85 a\u00f1os de edad. Sus hijos Julio Gorosito y Jorge Torres; su hija en el afecto Nilda Palavecino; sus hijas pol\u00edticas Liliana Duarte y Cristina Soraiz; sus nietos Yanina, Ramiro, Maxi y Cristian Gorosito; Mat\u00edas, Mariano, Salome y Romeo Torres y dem\u00e1s deudos participan su fallecimiento.<\/p>\n<p>&nbsp;<\/p>\n<p>Sus restos ser\u00e1n inhumados en el Cementerio Loma de Paz este s\u00e1bado a las 14.30 horas. Nacida en Laprida, vecina del barrio San Vicente, jubilada y pensionada.<\/p>\n","protected":false},"excerpt":{"rendered":"<p>Falleci\u00f3 en Olavarr\u00eda a los 85 a\u00f1os de edad. Sus hijos Julio Gorosito y Jorge Torres; su hija en el<\/p>\n","protected":false},"author":2,"featured_media":0,"comment_status":"closed","ping_status":"closed","sticky":false,"template":"","format":"standard","meta":{"_jetpack_memberships_contains_paid_content":false,"footnotes":""},"categories":[10],"tags":[],"class_list":["post-5305","post","type-post","status-publish","format-standard","hentry","category-necrologicas"],"jetpack_featured_media_url":"","jetpack_sharing_enabled":true,"_links":{"self":[{"href":"https:\/\/cdnoticias.com\/index.php\/wp-json\/wp\/v2\/posts\/5305","targetHints":{"allow":["GET"]}}],"collection":[{"href":"https:\/\/cdnoticias.com\/index.php\/wp-json\/wp\/v2\/posts"}],"about":[{"href":"https:\/\/cdnoticias.com\/index.php\/wp-json\/wp\/v2\/types\/post"}],"author":[{"embeddable":true,"href":"https:\/\/cdnoticias.com\/index.php\/wp-json\/wp\/v2\/users\/2"}],"replies":[{"embeddable":true,"href":"https:\/\/cdnoticias.com\/index.php\/wp-json\/wp\/v2\/comments?post=5305"}],"version-history":[{"count":0,"href":"https:\/\/cdnoticias.com\/index.php\/wp-json\/wp\/v2\/posts\/5305\/revisions"}],"wp:attachment":[{"href":"https:\/\/cdnoticias.com\/index.php\/wp-json\/wp\/v2\/media?parent=5305"}],"wp:term":[{"taxonomy":"category","embeddable":true,"href":"https:\/\/cdnoticias.com\/index.php\/wp-json\/wp\/v2\/categories?post=5305"},{"taxonomy":"post_tag","embeddable":true,"href":"https:\/\/cdnoticias.com\/index.php\/wp-json\/wp\/v2\/tags?post=5305"}],"curies":[{"name":"wp","href":"https:\/\/api.w.org\/{rel}","templated":true}]}}