{"id":530,"date":"2020-09-02T08:55:42","date_gmt":"2020-09-02T11:55:42","guid":{"rendered":"http:\/\/www.centraldenoticias.com.ar\/?p=530"},"modified":"2020-09-02T08:55:42","modified_gmt":"2020-09-02T11:55:42","slug":"el-gobernador-de-entre-rios-tiene-covid-19","status":"publish","type":"post","link":"https:\/\/cdnoticias.com\/index.php\/2020\/09\/02\/el-gobernador-de-entre-rios-tiene-covid-19\/","title":{"rendered":"El gobernador de Entre R\u00edos tiene COVID-19"},"content":{"rendered":"<p>Gustavo Bordet anunci\u00f3 en redes sociales que tiene coronavirus. Si bien la semana pasada comparti\u00f3 un acto con el presidente Fern\u00e1ndez y otros gobernadores, se descart\u00f3 que se le vaya a practicar un hisopado al mandatario nacional.<!--more--><\/p>\n<p>_________________________<\/p>\n<p>En la jornada de este lunes<strong> el gobernador de Entre R\u00edos, Gustavo Bordet, anunci\u00f3 v\u00eda redes sociales que tiene coronavirus.<\/strong> Las alarmas se encendieron dado que la semana pasada comparti\u00f3 un acto con el Presidente Alberto Fern\u00e1ndez y varios gobernadores.<\/p>\n<p>&nbsp;<\/p>\n<p><strong>Bordet se transform\u00f3, entonces, en el segundo mandatario provincial en contraer la enfermedad luego de Gerardo Morales, de Jujuy.<\/strong> <em>\u201cEstoy muy bien, me encuentro asintom\u00e1tico, cumpliendo el aislamiento y atento a las indicaciones m\u00e9dicas. Mientras tanto, sigo llevando adelante mis obligaciones y trabajando desde casa\u201d<\/em>, public\u00f3 el mandatario.<\/p>\n<p>&nbsp;<\/p>\n<p><strong>Todas las miradas se posaron en Alberto Fern\u00e1ndez dado que compartieron un acto el pasado viernes.<\/strong> Incluso, en algunas fotos se pudo ver que Bordet y Fern\u00e1ndez se estrechan la mano, una acci\u00f3n no recomendada por los especialistas.<\/p>\n<p>&nbsp;<\/p>\n<p>Fuentes oficiales <strong>descartaron que Fern\u00e1ndez vaya a ser hisopado o aislado a ra\u00edz de este contacto.<\/strong> De hecho, este mi\u00e9rcoles el Presidente participar\u00e1 de forma presencial del acto organizado por la UIA a ra\u00edz del D\u00eda de la Industria, en donde se espera que pueda haber anuncios para el sector.<\/p>\n<p>&nbsp;<\/p>\n<blockquote><p>Del encuentro particip\u00f3 tambi\u00e9n Axel Kicillof, pero fuentes del Gobierno bonaerense indicaron que los mandatarios no estuvieron cerca ni compartieron espacios sin barbijo.<\/p><\/blockquote>\n<p>&nbsp;<\/p>\n<p>Tras confirmar su condici\u00f3n, Bordet se\u00f1al\u00f3 que la pandemia <em>\u201cnos sigue enfrentando a un gran desaf\u00edo: cuidarnos pasa hoy por quedarnos en nuestros hogares, salir \u00fanicamente si es necesario, fortalecer las redes de solidaridad y encontrar formas de acompa\u00f1ar a seres queridos manteniendo el aislamiento\u201d.<\/em><\/p>\n","protected":false},"excerpt":{"rendered":"<p>Gustavo Bordet anunci\u00f3 en redes sociales que tiene coronavirus. Si bien la semana pasada comparti\u00f3 un acto con el presidente<\/p>\n","protected":false},"author":2,"featured_media":531,"comment_status":"closed","ping_status":"closed","sticky":false,"template":"","format":"standard","meta":{"_jetpack_memberships_contains_paid_content":false,"footnotes":""},"categories":[6],"tags":[],"class_list":["post-530","post","type-post","status-publish","format-standard","has-post-thumbnail","hentry","category-nacionales"],"jetpack_featured_media_url":"https:\/\/i0.wp.com\/cdnoticias.com\/wp-content\/uploads\/2020\/09\/asdasd-4.jpg?fit=696%2C606&ssl=1","jetpack_sharing_enabled":true,"_links":{"self":[{"href":"https:\/\/cdnoticias.com\/index.php\/wp-json\/wp\/v2\/posts\/530","targetHints":{"allow":["GET"]}}],"collection":[{"href":"https:\/\/cdnoticias.com\/index.php\/wp-json\/wp\/v2\/posts"}],"about":[{"href":"https:\/\/cdnoticias.com\/index.php\/wp-json\/wp\/v2\/types\/post"}],"author":[{"embeddable":true,"href":"https:\/\/cdnoticias.com\/index.php\/wp-json\/wp\/v2\/users\/2"}],"replies":[{"embeddable":true,"href":"https:\/\/cdnoticias.com\/index.php\/wp-json\/wp\/v2\/comments?post=530"}],"version-history":[{"count":0,"href":"https:\/\/cdnoticias.com\/index.php\/wp-json\/wp\/v2\/posts\/530\/revisions"}],"wp:featuredmedia":[{"embeddable":true,"href":"https:\/\/cdnoticias.com\/index.php\/wp-json\/wp\/v2\/media\/531"}],"wp:attachment":[{"href":"https:\/\/cdnoticias.com\/index.php\/wp-json\/wp\/v2\/media?parent=530"}],"wp:term":[{"taxonomy":"category","embeddable":true,"href":"https:\/\/cdnoticias.com\/index.php\/wp-json\/wp\/v2\/categories?post=530"},{"taxonomy":"post_tag","embeddable":true,"href":"https:\/\/cdnoticias.com\/index.php\/wp-json\/wp\/v2\/tags?post=530"}],"curies":[{"name":"wp","href":"https:\/\/api.w.org\/{rel}","templated":true}]}}