{"id":52994,"date":"2022-04-28T08:33:43","date_gmt":"2022-04-28T11:33:43","guid":{"rendered":"https:\/\/www.centraldenoticias.com.ar\/?p=52994"},"modified":"2022-04-28T08:33:43","modified_gmt":"2022-04-28T11:33:43","slug":"san-vicente-robo-tras-entrar-a-una-casa-por-una-ventana","status":"publish","type":"post","link":"https:\/\/cdnoticias.com\/index.php\/2022\/04\/28\/san-vicente-robo-tras-entrar-a-una-casa-por-una-ventana\/","title":{"rendered":"San Vicente: rob\u00f3 tras entrar a una casa por una ventana"},"content":{"rendered":"<p>El acusado es un joven de 19 a\u00f1os que fue aprehendido a pocas cuadras. Se recuper\u00f3 el bot\u00edn.<!--more--><\/p>\n<hr \/>\n<p><strong>Este mi\u00e9rcoles fue aprehendido un joven de 19 a\u00f1os<\/strong> quien minutos antes hab\u00eda entrado a una vivienda de barrio San Vicente de donde rob\u00f3 varios elementos.<\/p>\n<p>&nbsp;<\/p>\n<p>Se detall\u00f3 que el personal del Comando de Patrullas y de la Comisar\u00eda Primera <strong>captur\u00f3 al sospechoso en Lavalle y Balcarce. Llevaba en su poder los art\u00edculos robados<\/strong>.<\/p>\n<p>&nbsp;<\/p>\n<blockquote><p>Un llamado al 911 hab\u00eda advertido a los efectivos policiales: a unas tres cuadras del lugar de la aprehensi\u00f3n, en Vicente L\u00f3pez al 1800, un ladr\u00f3n hab\u00eda escalado el pared\u00f3n de una casa y forzado la ventana que da al patio para ingresar y robar.<\/p><\/blockquote>\n<p>&nbsp;<\/p>\n<p>El joven fue<strong> alojado en la Comisar\u00eda Primera<\/strong> y se recogieron todos los elementos sustra\u00eddos.<\/p>\n<p>&nbsp;<\/p>\n<p>Las actuaciones se caratularon<strong> \u201crobo agravado por escalamiento in fraganti delito\u201d<\/strong> y se elevaron a la UFI N\u00ba 4 a cargo de la fiscal Paula Serrano.<\/p>\n","protected":false},"excerpt":{"rendered":"<p>El acusado es un joven de 19 a\u00f1os que fue aprehendido a pocas cuadras. Se recuper\u00f3 el bot\u00edn.<\/p>\n","protected":false},"author":4,"featured_media":52996,"comment_status":"closed","ping_status":"closed","sticky":false,"template":"","format":"standard","meta":{"_jetpack_memberships_contains_paid_content":false,"footnotes":""},"categories":[14,1],"tags":[],"class_list":["post-52994","post","type-post","status-publish","format-standard","has-post-thumbnail","hentry","category-policiales","category-portada"],"jetpack_featured_media_url":"https:\/\/i0.wp.com\/cdnoticias.com\/wp-content\/uploads\/2022\/04\/aprehendido-robo-vicente-lopez-1800-A.jpg?fit=1033%2C575&ssl=1","jetpack_sharing_enabled":true,"_links":{"self":[{"href":"https:\/\/cdnoticias.com\/index.php\/wp-json\/wp\/v2\/posts\/52994","targetHints":{"allow":["GET"]}}],"collection":[{"href":"https:\/\/cdnoticias.com\/index.php\/wp-json\/wp\/v2\/posts"}],"about":[{"href":"https:\/\/cdnoticias.com\/index.php\/wp-json\/wp\/v2\/types\/post"}],"author":[{"embeddable":true,"href":"https:\/\/cdnoticias.com\/index.php\/wp-json\/wp\/v2\/users\/4"}],"replies":[{"embeddable":true,"href":"https:\/\/cdnoticias.com\/index.php\/wp-json\/wp\/v2\/comments?post=52994"}],"version-history":[{"count":0,"href":"https:\/\/cdnoticias.com\/index.php\/wp-json\/wp\/v2\/posts\/52994\/revisions"}],"wp:featuredmedia":[{"embeddable":true,"href":"https:\/\/cdnoticias.com\/index.php\/wp-json\/wp\/v2\/media\/52996"}],"wp:attachment":[{"href":"https:\/\/cdnoticias.com\/index.php\/wp-json\/wp\/v2\/media?parent=52994"}],"wp:term":[{"taxonomy":"category","embeddable":true,"href":"https:\/\/cdnoticias.com\/index.php\/wp-json\/wp\/v2\/categories?post=52994"},{"taxonomy":"post_tag","embeddable":true,"href":"https:\/\/cdnoticias.com\/index.php\/wp-json\/wp\/v2\/tags?post=52994"}],"curies":[{"name":"wp","href":"https:\/\/api.w.org\/{rel}","templated":true}]}}