{"id":52928,"date":"2022-04-27T13:14:11","date_gmt":"2022-04-27T16:14:11","guid":{"rendered":"https:\/\/www.centraldenoticias.com.ar\/?p=52928"},"modified":"2022-04-27T14:14:00","modified_gmt":"2022-04-27T17:14:00","slug":"delegados-dispar-definicion-de-galli-en-la-validacion-de-las-elecciones","status":"publish","type":"post","link":"https:\/\/cdnoticias.com\/index.php\/2022\/04\/27\/delegados-dispar-definicion-de-galli-en-la-validacion-de-las-elecciones\/","title":{"rendered":"Delegados: dispar definici\u00f3n de Galli en la validaci\u00f3n de las elecciones"},"content":{"rendered":"<p>El intendente recibi\u00f3 este mi\u00e9rcoles a los delegados municipales. En Sierras Bayas se design\u00f3 a Rikal, en Hinojo no se valid\u00f3 a Kuhn y en Sierra Chica no hay decisi\u00f3n tomada a\u00fan.<!--more--><\/p>\n<hr \/>\n<p>Durante la ma\u00f1ana de este mi\u00e9rcoles el intendente Ezequiel Galli recibi\u00f3 en su despacho a los<strong> delegados municipales de las localidades que comenzar\u00e1n el mandato el pr\u00f3ximo lunes 2 de mayo.<\/strong> El jefe comunal estuvo acompa\u00f1ado por el Secretario de Gobierno Hilario Galli, el Subsecretario de Gobierno Emilio Vitale y el Director de las Localidades C\u00e9sar Bournot.<\/p>\n<p>&nbsp;<\/p>\n<p>En los comicios votaron 2 mil personas y <a href=\"https:\/\/cdnoticias.com\/index.php\/2022\/04\/10\/eleccion-de-delegados-votaron-2-mil-personas-y-solo-validaron-los-comicios-de-espigas-y-recalde\/\" target=\"_blank\" rel=\"noopener\">s\u00f3lo validaron los resultados obtenidos en Espigas y Recalde<\/a> debido a que en estos casos se super\u00f3 el piso del 40% de asistentes.<\/p>\n<p>&nbsp;<\/p>\n<p>En ese sentido, la Junta Electoral analiz\u00f3 los resultados y se conoci\u00f3 que en el caso de Hinojo, el \u00fanico postulante al cargo fue <strong>Ra\u00fal Kuhn<\/strong> quien obtuvo 204 votos v\u00e1lidos. Sin embargo, <strong>al no llegar al 40% de participaci\u00f3n, el intendente opt\u00f3 por no validar su elecci\u00f3n y eligi\u00f3 a Claudio Rojas para desempe\u00f1ar ese rol.<\/strong><\/p>\n<p>&nbsp;<\/p>\n<p>Distinto fue el caso en la localidad de Sierras Bayas, donde <strong>Guillermo Rikal<\/strong> gan\u00f3 con 457 votos y a pesar de no alcanzar el piso del 40% de participaci\u00f3n,<strong> su elecci\u00f3n fue validada por el Ejecutivo.<\/strong><\/p>\n<p>&nbsp;<\/p>\n<p>Por otra parte, <strong>a\u00fan no se ha tomado una decisi\u00f3n respecto a la validaci\u00f3n o no en el caso de la localidad de Sierra Chica, donde N\u00e9stor Crevatin logr\u00f3 368 votos sin alcanzar el 40% de participaci\u00f3n.<\/strong><\/p>\n<p>&nbsp;<\/p>\n<p><img data-recalc-dims=\"1\" loading=\"lazy\" decoding=\"async\" class=\"aligncenter size-full wp-image-52930\" src=\"https:\/\/i0.wp.com\/cdnoticias.com\/wp-content\/uploads\/2022\/04\/Gobierno-Reunion-Galli-Delegados-2022-2-scaled-1.jpg?resize=800%2C535&#038;ssl=1\" alt=\"\" width=\"800\" height=\"535\" srcset=\"https:\/\/i0.wp.com\/cdnoticias.com\/wp-content\/uploads\/2022\/04\/Gobierno-Reunion-Galli-Delegados-2022-2-scaled-1.jpg?w=2560&amp;ssl=1 2560w, https:\/\/i0.wp.com\/cdnoticias.com\/wp-content\/uploads\/2022\/04\/Gobierno-Reunion-Galli-Delegados-2022-2-scaled-1.jpg?resize=300%2C201&amp;ssl=1 300w, https:\/\/i0.wp.com\/cdnoticias.com\/wp-content\/uploads\/2022\/04\/Gobierno-Reunion-Galli-Delegados-2022-2-scaled-1.jpg?resize=1024%2C684&amp;ssl=1 1024w, https:\/\/i0.wp.com\/cdnoticias.com\/wp-content\/uploads\/2022\/04\/Gobierno-Reunion-Galli-Delegados-2022-2-scaled-1.jpg?resize=768%2C513&amp;ssl=1 768w, https:\/\/i0.wp.com\/cdnoticias.com\/wp-content\/uploads\/2022\/04\/Gobierno-Reunion-Galli-Delegados-2022-2-scaled-1.jpg?resize=1536%2C1027&amp;ssl=1 1536w, https:\/\/i0.wp.com\/cdnoticias.com\/wp-content\/uploads\/2022\/04\/Gobierno-Reunion-Galli-Delegados-2022-2-scaled-1.jpg?resize=2048%2C1369&amp;ssl=1 2048w, https:\/\/i0.wp.com\/cdnoticias.com\/wp-content\/uploads\/2022\/04\/Gobierno-Reunion-Galli-Delegados-2022-2-scaled-1.jpg?resize=272%2C182&amp;ssl=1 272w, https:\/\/i0.wp.com\/cdnoticias.com\/wp-content\/uploads\/2022\/04\/Gobierno-Reunion-Galli-Delegados-2022-2-scaled-1.jpg?w=1600&amp;ssl=1 1600w, https:\/\/i0.wp.com\/cdnoticias.com\/wp-content\/uploads\/2022\/04\/Gobierno-Reunion-Galli-Delegados-2022-2-scaled-1.jpg?w=2400&amp;ssl=1 2400w\" sizes=\"auto, (max-width: 800px) 100vw, 800px\" \/><\/p>\n<p>&nbsp;<\/p>\n<p>Durante la reuni\u00f3n, Ezequiel Galli felicit\u00f3 a los delegados que estuvieron presentes: Gabriel Suburu (Loma Negra), Mariel Arouxet (Santa Luisa), Guillermo Rikal (Sierras Bayas), Claudio Rojas (Hinojo), Luis Mansur (Espigas) y Claudia Ricci (Recalde).<\/p>\n<p>&nbsp;<\/p>\n<p>Resalt\u00f3 que se involucren con \u201clo que sucede todos los d\u00edas en las localidades del Partido y quiero darles la <strong>bienvenida al equipo de trabajo<\/strong>\u201d.<\/p>\n<p>&nbsp;<\/p>\n<p>Adem\u00e1s, el intendente dijo que \u201cquiero que sepan que cuentan con el apoyo de la gesti\u00f3n y es fundamental que todos est\u00e9n comunicados con los funcionarios del Gobierno Municipal para resolver los problemas que surgen\u201d.<\/p>\n","protected":false},"excerpt":{"rendered":"<p>El intendente recibi\u00f3 este mi\u00e9rcoles a los delegados municipales. En Sierras Bayas se design\u00f3 a Rikal, en Hinojo no se<\/p>\n","protected":false},"author":5,"featured_media":52929,"comment_status":"closed","ping_status":"closed","sticky":false,"template":"","format":"standard","meta":{"_jetpack_memberships_contains_paid_content":false,"footnotes":""},"categories":[4,1],"tags":[],"class_list":["post-52928","post","type-post","status-publish","format-standard","has-post-thumbnail","hentry","category-politica","category-portada"],"jetpack_featured_media_url":"https:\/\/i0.wp.com\/cdnoticias.com\/wp-content\/uploads\/2022\/04\/Gobierno-Reunion-Galli-Delegados-2022-1-scaled-1.jpg?fit=2560%2C1711&ssl=1","jetpack_sharing_enabled":true,"_links":{"self":[{"href":"https:\/\/cdnoticias.com\/index.php\/wp-json\/wp\/v2\/posts\/52928","targetHints":{"allow":["GET"]}}],"collection":[{"href":"https:\/\/cdnoticias.com\/index.php\/wp-json\/wp\/v2\/posts"}],"about":[{"href":"https:\/\/cdnoticias.com\/index.php\/wp-json\/wp\/v2\/types\/post"}],"author":[{"embeddable":true,"href":"https:\/\/cdnoticias.com\/index.php\/wp-json\/wp\/v2\/users\/5"}],"replies":[{"embeddable":true,"href":"https:\/\/cdnoticias.com\/index.php\/wp-json\/wp\/v2\/comments?post=52928"}],"version-history":[{"count":0,"href":"https:\/\/cdnoticias.com\/index.php\/wp-json\/wp\/v2\/posts\/52928\/revisions"}],"wp:featuredmedia":[{"embeddable":true,"href":"https:\/\/cdnoticias.com\/index.php\/wp-json\/wp\/v2\/media\/52929"}],"wp:attachment":[{"href":"https:\/\/cdnoticias.com\/index.php\/wp-json\/wp\/v2\/media?parent=52928"}],"wp:term":[{"taxonomy":"category","embeddable":true,"href":"https:\/\/cdnoticias.com\/index.php\/wp-json\/wp\/v2\/categories?post=52928"},{"taxonomy":"post_tag","embeddable":true,"href":"https:\/\/cdnoticias.com\/index.php\/wp-json\/wp\/v2\/tags?post=52928"}],"curies":[{"name":"wp","href":"https:\/\/api.w.org\/{rel}","templated":true}]}}