{"id":52917,"date":"2022-04-27T16:58:22","date_gmt":"2022-04-27T19:58:22","guid":{"rendered":"https:\/\/www.centraldenoticias.com.ar\/?p=52917"},"modified":"2022-04-27T17:59:58","modified_gmt":"2022-04-27T20:59:58","slug":"el-concejo-deliberante-tratara-48-expedientes-en-la-proxima-sesion","status":"publish","type":"post","link":"https:\/\/cdnoticias.com\/index.php\/2022\/04\/27\/el-concejo-deliberante-tratara-48-expedientes-en-la-proxima-sesion\/","title":{"rendered":"El Concejo Deliberante tratar\u00e1 48 expedientes en la pr\u00f3xima sesi\u00f3n"},"content":{"rendered":"<p>Ser\u00e1 el jueves 28 de abril desde las 9:30 en la Sociedad Espa\u00f1ola. Bruno Cenizo reemplazar\u00e1 a Matrella y Francisco Gonz\u00e1lez a Coscia.<!--more--><\/p>\n<hr \/>\n<p>La presidente del Concejo Deliberante Cecilia Krivochen y la Secretaria Legislativa, Margarita Arregui encabezaron este mi\u00e9rcoles la reuni\u00f3n de Labor Parlamentaria establecida con motivo de la Cuarta Sesi\u00f3n Ordinaria que se llevar\u00e1 adelante<strong> este jueves 28 a las 9.30 horas en el Sal\u00f3n de la Sociedad Espa\u00f1ola.<\/strong><\/p>\n<p>&nbsp;<\/p>\n<p>Participaron de la reuni\u00f3n el concejal Mart\u00edn Endere (Juntos), las concejalas Mercedes Landivar Valerio (Frente de Todos), Celeste Arouxet (Ahora Olavarr\u00eda) y Bel\u00e9n Vergel (UCR-Juntos).<\/p>\n<p>&nbsp;<\/p>\n<p>Antes de la sesi\u00f3n ordinaria se tratar\u00e1 en sesi\u00f3n especial la <strong>licencia de los concejales Carlos Coscia y Sebasti\u00e1n Matrella.<\/strong> Coscia ser\u00e1 reemplazado por el concejal suplente <strong>Francisco Gonz\u00e1lez.<\/strong><\/p>\n<p>&nbsp;<\/p>\n<p>A su vez, respecto a la licencia del concejal Sebasti\u00e1n Matrella se indic\u00f3 que<strong> Bruno Cenizo tras pedir su licencia en el Departamento Ejecutivo, se reincorpora como concejal titular en su reemplazo.<\/strong><\/p>\n<p>&nbsp;<\/p>\n<p>&nbsp;<\/p>\n<p><strong>Expedientes ingresados en t\u00e9rmino reglamentario<\/strong><\/p>\n<p>&nbsp;<\/p>\n<p>En primera instancia la comisi\u00f3n de Labor Parlamentaria le dio destino a las distintas comisiones de diecisiete expedientes que fueron ingresados en t\u00e9rmino reglamentario. De estos, quince corresponden al Departamento Ejecutivo Municipal y los otros dos al bloque Ahora Olavarr\u00eda y a la Mesa de las Colectividades. Todos estos expedientes tomar\u00e1n estado parlamentario y comenzar\u00e1n su tratamiento en comisiones internas hasta llegar a sesi\u00f3n.<\/p>\n<p>&nbsp;<\/p>\n<p><strong>Tratamiento con despacho de Comisi\u00f3n<\/strong><\/p>\n<p>&nbsp;<\/p>\n<p>Por otro lado, se analizaron los treinta expedientes que fueron despachados a sesi\u00f3n por la comisi\u00f3n de Legislaci\u00f3n. De estos se destacan veintid\u00f3s donaciones de las cuales la mayor\u00eda de ellas son la regularizaci\u00f3n dominial del barrio Luz y Fuerza, la regularizaci\u00f3n de este barrio coincide con el 75 Aniversario del Sindicato de Luz y Fuerza de Olavarr\u00eda.<\/p>\n<p>&nbsp;<\/p>\n<p><strong>Tratamiento sobre tablas<\/strong><\/p>\n<p>&nbsp;<\/p>\n<p>Labor Parlamentaria estableci\u00f3 adem\u00e1s el tratamiento durante la Cuarta Sesi\u00f3n Ordinaria de dieciocho expedientes que fueron ingresados en t\u00e9rmino reglamentario y corresponde su tratamiento sobre tablas. Ser\u00e1n analizados un proyecto presentado por el Colegio de Trabajadores Sociales de la provincia, uno de la Sociedad de Fomento de Colonia Nievas, dos proyectos del bloque UCR-Juntos, dos proyectos del bloque Juntos y trece proyectos del bloque del Frente de Todos. Debido a la tem\u00e1tica coincidente de varios de los expedientes, la comisi\u00f3n de Labor Parlamentario resolvi\u00f3 que algunos de estos tengan tratamiento conjunto.<\/p>\n<p>&nbsp;<\/p>\n<p>La sesi\u00f3n ser\u00e1 transmitida en vivo por el <a href=\"https:\/\/www.youtube.com\/channel\/UCtZCoknXQfZ5srZV-m7x_Mg\" target=\"_blank\" rel=\"noopener\">canal de Youtube del HCD.<\/a><\/p>\n<p>&nbsp;<\/p>\n<p>&nbsp;<\/p>\n","protected":false},"excerpt":{"rendered":"<p>Ser\u00e1 el jueves 28 de abril desde las 9:30 en la Sociedad Espa\u00f1ola. Bruno Cenizo reemplazar\u00e1 a Matrella y Francisco<\/p>\n","protected":false},"author":5,"featured_media":52922,"comment_status":"closed","ping_status":"closed","sticky":false,"template":"","format":"standard","meta":{"_jetpack_memberships_contains_paid_content":false,"footnotes":""},"categories":[4,1],"tags":[],"class_list":["post-52917","post","type-post","status-publish","format-standard","has-post-thumbnail","hentry","category-politica","category-portada"],"jetpack_featured_media_url":"https:\/\/i0.wp.com\/cdnoticias.com\/wp-content\/uploads\/2022\/04\/Labor1.jpg?fit=1872%2C1007&ssl=1","jetpack_sharing_enabled":true,"_links":{"self":[{"href":"https:\/\/cdnoticias.com\/index.php\/wp-json\/wp\/v2\/posts\/52917","targetHints":{"allow":["GET"]}}],"collection":[{"href":"https:\/\/cdnoticias.com\/index.php\/wp-json\/wp\/v2\/posts"}],"about":[{"href":"https:\/\/cdnoticias.com\/index.php\/wp-json\/wp\/v2\/types\/post"}],"author":[{"embeddable":true,"href":"https:\/\/cdnoticias.com\/index.php\/wp-json\/wp\/v2\/users\/5"}],"replies":[{"embeddable":true,"href":"https:\/\/cdnoticias.com\/index.php\/wp-json\/wp\/v2\/comments?post=52917"}],"version-history":[{"count":0,"href":"https:\/\/cdnoticias.com\/index.php\/wp-json\/wp\/v2\/posts\/52917\/revisions"}],"wp:featuredmedia":[{"embeddable":true,"href":"https:\/\/cdnoticias.com\/index.php\/wp-json\/wp\/v2\/media\/52922"}],"wp:attachment":[{"href":"https:\/\/cdnoticias.com\/index.php\/wp-json\/wp\/v2\/media?parent=52917"}],"wp:term":[{"taxonomy":"category","embeddable":true,"href":"https:\/\/cdnoticias.com\/index.php\/wp-json\/wp\/v2\/categories?post=52917"},{"taxonomy":"post_tag","embeddable":true,"href":"https:\/\/cdnoticias.com\/index.php\/wp-json\/wp\/v2\/tags?post=52917"}],"curies":[{"name":"wp","href":"https:\/\/api.w.org\/{rel}","templated":true}]}}