{"id":52912,"date":"2022-04-27T11:52:32","date_gmt":"2022-04-27T14:52:32","guid":{"rendered":"https:\/\/www.centraldenoticias.com.ar\/?p=52912"},"modified":"2022-04-27T11:52:32","modified_gmt":"2022-04-27T14:52:32","slug":"norma-alcira-diaz-viuda-de-marcigliano-miti-q-e-p-d","status":"publish","type":"post","link":"https:\/\/cdnoticias.com\/index.php\/2022\/04\/27\/norma-alcira-diaz-viuda-de-marcigliano-miti-q-e-p-d\/","title":{"rendered":"Norma Alcira D\u00edaz viuda de Marcigliano \u201cMiti\u201d (Q.E.P.D.)"},"content":{"rendered":"<p>Falleci\u00f3 en Olavarr\u00eda el 27 de abril a los 79 a\u00f1os de edad. Sus hijos Gabriela, Gustavo y Cintia Marcigliano; su nuera Valeria Marchioni; su yerno Cristian Cejas; sus nietos Sara y Mora N\u00fa\u00f1ez Marcigliano; Santiago y Sim\u00f3n Marcigliano; Valentina Centineo Marcigliano y dem\u00e1s deudos participan de su fallecimiento.<\/p>\n<p>&nbsp;<\/p>\n<p>Sus restos no ser\u00e1n velados y ser\u00e1n inhumados en el cementerio Loma de Paz, este mi\u00e9rcoles a las 13:30, previo responso en el cementerio.\u00a0 Vecina de barrio Manuel Belgrano. Nacida en La Madrid. Jubilada y Pensionada.<\/p>\n","protected":false},"excerpt":{"rendered":"<p>Falleci\u00f3 en Olavarr\u00eda el 27 de abril a los 79 a\u00f1os de edad. Sus hijos Gabriela, Gustavo y Cintia Marcigliano;<\/p>\n","protected":false},"author":5,"featured_media":51544,"comment_status":"closed","ping_status":"closed","sticky":false,"template":"","format":"standard","meta":{"_jetpack_memberships_contains_paid_content":false,"footnotes":""},"categories":[10],"tags":[],"class_list":["post-52912","post","type-post","status-publish","format-standard","has-post-thumbnail","hentry","category-necrologicas"],"jetpack_featured_media_url":"https:\/\/i0.wp.com\/cdnoticias.com\/wp-content\/uploads\/2022\/04\/necrologicas-390-x-240.jpg?fit=390%2C240&ssl=1","jetpack_sharing_enabled":true,"_links":{"self":[{"href":"https:\/\/cdnoticias.com\/index.php\/wp-json\/wp\/v2\/posts\/52912","targetHints":{"allow":["GET"]}}],"collection":[{"href":"https:\/\/cdnoticias.com\/index.php\/wp-json\/wp\/v2\/posts"}],"about":[{"href":"https:\/\/cdnoticias.com\/index.php\/wp-json\/wp\/v2\/types\/post"}],"author":[{"embeddable":true,"href":"https:\/\/cdnoticias.com\/index.php\/wp-json\/wp\/v2\/users\/5"}],"replies":[{"embeddable":true,"href":"https:\/\/cdnoticias.com\/index.php\/wp-json\/wp\/v2\/comments?post=52912"}],"version-history":[{"count":0,"href":"https:\/\/cdnoticias.com\/index.php\/wp-json\/wp\/v2\/posts\/52912\/revisions"}],"wp:featuredmedia":[{"embeddable":true,"href":"https:\/\/cdnoticias.com\/index.php\/wp-json\/wp\/v2\/media\/51544"}],"wp:attachment":[{"href":"https:\/\/cdnoticias.com\/index.php\/wp-json\/wp\/v2\/media?parent=52912"}],"wp:term":[{"taxonomy":"category","embeddable":true,"href":"https:\/\/cdnoticias.com\/index.php\/wp-json\/wp\/v2\/categories?post=52912"},{"taxonomy":"post_tag","embeddable":true,"href":"https:\/\/cdnoticias.com\/index.php\/wp-json\/wp\/v2\/tags?post=52912"}],"curies":[{"name":"wp","href":"https:\/\/api.w.org\/{rel}","templated":true}]}}