{"id":52911,"date":"2022-04-27T11:53:34","date_gmt":"2022-04-27T14:53:34","guid":{"rendered":"https:\/\/www.centraldenoticias.com.ar\/?p=52911"},"modified":"2022-04-27T11:53:34","modified_gmt":"2022-04-27T14:53:34","slug":"olavarria-percibe-72-millones-de-pesos-por-mes-por-el-sae","status":"publish","type":"post","link":"https:\/\/cdnoticias.com\/index.php\/2022\/04\/27\/olavarria-percibe-72-millones-de-pesos-por-mes-por-el-sae\/","title":{"rendered":"Olavarr\u00eda percibe 72 millones de pesos por mes por el SAE"},"content":{"rendered":"<p>El consejero Leonardo Wagner (Frente de Todos) destac\u00f3 el aporte del gobernador Kicillof en servicio alimentario y resalt\u00f3 los anuncios del Programa MESA Bonaerense.<!--more--><\/p>\n<hr \/>\n<p><strong>\u201cEn Olavarr\u00eda el Gobernador destina m\u00e1s de 72 millones de pesos mensuales para garantizar la seguridad alimentaria de nuestros j\u00f3venes\u201d<\/strong> confirm\u00f3 <strong>Leonardo Wagner (Frente de Todos)<\/strong>, uno de los responsables del Servicio Alimentario Escolar (SAE), luego de la <a href=\"https:\/\/cdnoticias.com\/index.php\/2022\/04\/26\/mesa-bonaerense-un-programa-para-la-seguridad-alimentaria-de-ninos-ninas-y-adolescentes\/\" target=\"_blank\" rel=\"noopener\">presentaci\u00f3n de Axel Kicillof del Programa MESA Bonaerense, una iniciativa que busca garantizar la seguridad alimentaria en los sectores de mayor vulnerabilidad social<\/a>.<\/p>\n<p>&nbsp;<\/p>\n<p>Este lunes se lanz\u00f3 el Programa MESA Bonaerense, en ese sentido <strong>Kicillof<\/strong> subray\u00f3 \u201ccuando lleg\u00f3 la pandemia, implementamos los m\u00f3dulos alimentarios para sostener la asistencia del Servicio Alimentario Escolar (SAE) en un contexto en el que no hab\u00eda presencialidad\u201d. \u201cDesde entonces, los chicos y las chicas concurren a las escuelas para buscar m\u00f3dulos que permitan continuar tanto con su educaci\u00f3n como con su alimentaci\u00f3n\u201d, se\u00f1al\u00f3 y agreg\u00f3: \u201c<strong>Las escuelas no solo imparten educaci\u00f3n, sino que son el centro de la comunidad en la provincia de Buenos Aires,<\/strong> donde se acompa\u00f1a, se alimenta y se crea ciudadan\u00eda\u201d.<\/p>\n<p>&nbsp;<\/p>\n<blockquote><p>En esa l\u00ednea Leonardo Wagner indic\u00f3: \u201cLa ampliaci\u00f3n de esta pol\u00edtica p\u00fablica tiene impacto directo tambi\u00e9n en lo local, actualmente son 15.836 los cupos de desayuno y merienda (DMC) en Olavarr\u00eda, si se lo calcula mensualmente la inversi\u00f3n es de 16 millones de pesos. En cuanto a comedores, hay en funcionamiento 53 y asisten diariamente 3.600 chicos y chicas, por mes la Provincia destina 17 millones y en cuanto a M\u00f3dulos Alimentarios, que tambi\u00e9n son 15.836 cupos, representa una inversi\u00f3n de 38 millones por mes. El gobernador Kicillof destina un total 72.200.400 mensuales para garantizar la seguridad alimentaria de nuestros j\u00f3venes\u201d.<\/p><\/blockquote>\n<p>&nbsp;<\/p>\n<p><img data-recalc-dims=\"1\" loading=\"lazy\" decoding=\"async\" class=\"size-large wp-image-52914 aligncenter\" src=\"https:\/\/i0.wp.com\/cdnoticias.com\/wp-content\/uploads\/2022\/04\/SAE-leonardo-wagner-1.jpeg?resize=800%2C449&#038;ssl=1\" alt=\"\" width=\"800\" height=\"449\" srcset=\"https:\/\/i0.wp.com\/cdnoticias.com\/wp-content\/uploads\/2022\/04\/SAE-leonardo-wagner-1.jpeg?resize=1024%2C575&amp;ssl=1 1024w, https:\/\/i0.wp.com\/cdnoticias.com\/wp-content\/uploads\/2022\/04\/SAE-leonardo-wagner-1.jpeg?resize=300%2C168&amp;ssl=1 300w, https:\/\/i0.wp.com\/cdnoticias.com\/wp-content\/uploads\/2022\/04\/SAE-leonardo-wagner-1.jpeg?resize=768%2C431&amp;ssl=1 768w, https:\/\/i0.wp.com\/cdnoticias.com\/wp-content\/uploads\/2022\/04\/SAE-leonardo-wagner-1.jpeg?resize=1536%2C862&amp;ssl=1 1536w, https:\/\/i0.wp.com\/cdnoticias.com\/wp-content\/uploads\/2022\/04\/SAE-leonardo-wagner-1.jpeg?w=1600&amp;ssl=1 1600w\" sizes=\"auto, (max-width: 800px) 100vw, 800px\" \/><\/p>\n<p>&nbsp;<\/p>\n<p>Adem\u00e1s, el Gobernador afirm\u00f3 que \u201cdecidimos sostener la asistencia alimenticia durante las vacaciones y empezamos a darle dignidad a la prestaci\u00f3n\u201d. \u201cEn 2019 se destinaban 720 millones de pesos por mes al SAE, mientras que con este programa <strong>vamos a estar invirtiendo m\u00e1s de 11.189 millones de pesos mensuales<\/strong>, aumentando tanto el monto por raci\u00f3n como la cantidad de beneficiarios\u201d, expres\u00f3.<\/p>\n<p>&nbsp;<\/p>\n<p><strong>El programa M\u00f3dulo Extraordinario para la Seguridad Alimentaria (MESA) consiste en la entrega de un m\u00f3dulo alimentario mensual que alcanza a m\u00e1s de dos millones de familias de ni\u00f1os, ni\u00f1as y adolescentes<\/strong> que asisten a los 11 mil comedores escolares que funcionan en los establecimientos educativos incluidos en el Servicio Alimentario Escolar (SAE).<\/p>\n<p>&nbsp;<\/p>\n<p>El SAE se sostuvo de manera regular durante la pandemia y los meses de receso escolar, ahora, a partir del <strong>aporte de la Naci\u00f3n<\/strong> para fortalecer la seguridad alimentaria, se complementar\u00e1 con el programa MESA, llevando la asistencia a m\u00e1s de dos millones de alumnos y alumnas.<\/p>\n","protected":false},"excerpt":{"rendered":"<p>El consejero Leonardo Wagner (Frente de Todos) destac\u00f3 el aporte del gobernador Kicillof en servicio alimentario y resalt\u00f3 los anuncios<\/p>\n","protected":false},"author":4,"featured_media":52915,"comment_status":"closed","ping_status":"closed","sticky":false,"template":"","format":"standard","meta":{"_jetpack_memberships_contains_paid_content":false,"footnotes":""},"categories":[4,1],"tags":[],"class_list":["post-52911","post","type-post","status-publish","format-standard","has-post-thumbnail","hentry","category-politica","category-portada"],"jetpack_featured_media_url":"https:\/\/i0.wp.com\/cdnoticias.com\/wp-content\/uploads\/2022\/04\/SAE-leonardo-wagner-2.jpeg?fit=960%2C586&ssl=1","jetpack_sharing_enabled":true,"_links":{"self":[{"href":"https:\/\/cdnoticias.com\/index.php\/wp-json\/wp\/v2\/posts\/52911","targetHints":{"allow":["GET"]}}],"collection":[{"href":"https:\/\/cdnoticias.com\/index.php\/wp-json\/wp\/v2\/posts"}],"about":[{"href":"https:\/\/cdnoticias.com\/index.php\/wp-json\/wp\/v2\/types\/post"}],"author":[{"embeddable":true,"href":"https:\/\/cdnoticias.com\/index.php\/wp-json\/wp\/v2\/users\/4"}],"replies":[{"embeddable":true,"href":"https:\/\/cdnoticias.com\/index.php\/wp-json\/wp\/v2\/comments?post=52911"}],"version-history":[{"count":0,"href":"https:\/\/cdnoticias.com\/index.php\/wp-json\/wp\/v2\/posts\/52911\/revisions"}],"wp:featuredmedia":[{"embeddable":true,"href":"https:\/\/cdnoticias.com\/index.php\/wp-json\/wp\/v2\/media\/52915"}],"wp:attachment":[{"href":"https:\/\/cdnoticias.com\/index.php\/wp-json\/wp\/v2\/media?parent=52911"}],"wp:term":[{"taxonomy":"category","embeddable":true,"href":"https:\/\/cdnoticias.com\/index.php\/wp-json\/wp\/v2\/categories?post=52911"},{"taxonomy":"post_tag","embeddable":true,"href":"https:\/\/cdnoticias.com\/index.php\/wp-json\/wp\/v2\/tags?post=52911"}],"curies":[{"name":"wp","href":"https:\/\/api.w.org\/{rel}","templated":true}]}}