{"id":52893,"date":"2022-04-27T08:18:56","date_gmt":"2022-04-27T11:18:56","guid":{"rendered":"https:\/\/www.centraldenoticias.com.ar\/?p=52893"},"modified":"2022-04-27T08:18:56","modified_gmt":"2022-04-27T11:18:56","slug":"javier-frias-en-olavarria-los-unicos-beneficiados-son-los-matrimonios-del-frente-de-todos","status":"publish","type":"post","link":"https:\/\/cdnoticias.com\/index.php\/2022\/04\/27\/javier-frias-en-olavarria-los-unicos-beneficiados-son-los-matrimonios-del-frente-de-todos\/","title":{"rendered":"Javier Fr\u00edas: \u201cEn Olavarr\u00eda los \u00fanicos beneficiados son los matrimonios del Frente de Todos\u201d"},"content":{"rendered":"<p>As\u00ed lo expres\u00f3 el concejal de Juntos en un comunicado en el que critic\u00f3 \u201cel reparto de cargos del Frente de Todos\u201d en nuestra ciudad.<!--more--><\/p>\n<hr \/>\n<p>El <strong>concejal de Juntos Javier Fr\u00edas<\/strong> critic\u00f3 con dureza el reparto de cargos del Frente de Todos en Olavarr\u00eda y dijo: <strong>\u201cen Olavarr\u00eda los \u00fanicos beneficiados por el gobierno nacional son los matrimonios del Frente de Todos que se acomodaron en todos los cargos\u201d.<\/strong><\/p>\n<p>&nbsp;<\/p>\n<p>\u201cLo que ha sucedido desde 2019 para ac\u00e1 en Olavarr\u00eda es lo que no queremos de la pol\u00edtica, no queremos las viejas pr\u00e1cticas\u201d, asegur\u00f3 el dirigente deportivo y barrial.<\/p>\n<p>&nbsp;<\/p>\n<p>\u201cEl Diputado C\u00e9sar Valicenti, atornillado en su banca desde 2011, puso a Mercedes Landivar en la lista de concejales y Aguilera tiene un cargo provincial y su mujer uno nacional\u201d, indic\u00f3.<\/p>\n<p>&nbsp;<\/p>\n<p>Adem\u00e1s, Fr\u00edas a\u00f1adi\u00f3: \u201cWesner tiene dos cargos (Anses y HCD) y su mujer In\u00e9s Barbieri es la Defensora del Pueblo y hace poco nos enteramos que Guillermo Santell\u00e1n es Director Provincial y su pareja qued\u00f3 a cargo del IOMA en Olavarr\u00eda\u201d, agreg\u00f3.<\/p>\n<p>&nbsp;<\/p>\n<p>Finalmente, Javier Fr\u00edas expres\u00f3 que <strong>\u201ces una verg\u00fcenza como el pa\u00eds se sumerge en una profunda crisis, golpeado por la inflaci\u00f3n y ellos terminan generando PyMes familiares que s\u00f3lo mejoran sus econom\u00edas\u201d.<\/strong><\/p>\n","protected":false},"excerpt":{"rendered":"<p>As\u00ed lo expres\u00f3 el concejal de Juntos en un comunicado en el que critic\u00f3 \u201cel reparto de cargos del Frente<\/p>\n","protected":false},"author":5,"featured_media":52894,"comment_status":"closed","ping_status":"closed","sticky":false,"template":"","format":"standard","meta":{"_jetpack_memberships_contains_paid_content":false,"footnotes":""},"categories":[4,1],"tags":[],"class_list":["post-52893","post","type-post","status-publish","format-standard","has-post-thumbnail","hentry","category-politica","category-portada"],"jetpack_featured_media_url":"https:\/\/i0.wp.com\/cdnoticias.com\/wp-content\/uploads\/2022\/04\/jfrias.jpg?fit=798%2C545&ssl=1","jetpack_sharing_enabled":true,"_links":{"self":[{"href":"https:\/\/cdnoticias.com\/index.php\/wp-json\/wp\/v2\/posts\/52893","targetHints":{"allow":["GET"]}}],"collection":[{"href":"https:\/\/cdnoticias.com\/index.php\/wp-json\/wp\/v2\/posts"}],"about":[{"href":"https:\/\/cdnoticias.com\/index.php\/wp-json\/wp\/v2\/types\/post"}],"author":[{"embeddable":true,"href":"https:\/\/cdnoticias.com\/index.php\/wp-json\/wp\/v2\/users\/5"}],"replies":[{"embeddable":true,"href":"https:\/\/cdnoticias.com\/index.php\/wp-json\/wp\/v2\/comments?post=52893"}],"version-history":[{"count":0,"href":"https:\/\/cdnoticias.com\/index.php\/wp-json\/wp\/v2\/posts\/52893\/revisions"}],"wp:featuredmedia":[{"embeddable":true,"href":"https:\/\/cdnoticias.com\/index.php\/wp-json\/wp\/v2\/media\/52894"}],"wp:attachment":[{"href":"https:\/\/cdnoticias.com\/index.php\/wp-json\/wp\/v2\/media?parent=52893"}],"wp:term":[{"taxonomy":"category","embeddable":true,"href":"https:\/\/cdnoticias.com\/index.php\/wp-json\/wp\/v2\/categories?post=52893"},{"taxonomy":"post_tag","embeddable":true,"href":"https:\/\/cdnoticias.com\/index.php\/wp-json\/wp\/v2\/tags?post=52893"}],"curies":[{"name":"wp","href":"https:\/\/api.w.org\/{rel}","templated":true}]}}