{"id":5289,"date":"2020-10-30T19:48:16","date_gmt":"2020-10-30T22:48:16","guid":{"rendered":"http:\/\/www.centraldenoticias.com.ar\/?p=5289"},"modified":"2020-10-30T20:23:49","modified_gmt":"2020-10-30T23:23:49","slug":"la-mesa-de-emergencia-levanta-parcialmente-el-acampe-pero-ira-a-la-justicia-con-duras-acusaciones","status":"publish","type":"post","link":"https:\/\/cdnoticias.com\/index.php\/2020\/10\/30\/la-mesa-de-emergencia-levanta-parcialmente-el-acampe-pero-ira-a-la-justicia-con-duras-acusaciones\/","title":{"rendered":"La Mesa de Emergencia levanta parcialmente el acampe pero ir\u00e1 a la justicia con duras acusaciones"},"content":{"rendered":"<p>As\u00ed fue anunciado en una conferencia de prensa desarrollada en la tarde de este viernes frente al Palacio Municipal.<\/p>\n<p><!--more--><\/p>\n<hr \/>\n<p><strong>\u201cCon la verdad vamos a todos lados\u201d<\/strong>. Con esa frase la Mesa de Emergencia, y varias agrupaciones locales m\u00e1s, dieron por concluida <strong>una conferencia de prensa que dej\u00f3 varios t\u00edtulos y temas a desarrollar, algunos de los cuales dar\u00e1n lugar a cap\u00edtulos que se escribir\u00e1n en los pr\u00f3ximos d\u00edas.<\/strong><\/p>\n<p>&nbsp;<\/p>\n<p><img data-recalc-dims=\"1\" loading=\"lazy\" decoding=\"async\" class=\"alignnone size-large wp-image-5282\" src=\"https:\/\/i0.wp.com\/cdnoticias.com\/wp-content\/uploads\/2020\/10\/conferencia05.jpg?resize=800%2C450&#038;ssl=1\" alt=\"\" width=\"800\" height=\"450\" srcset=\"https:\/\/i0.wp.com\/cdnoticias.com\/wp-content\/uploads\/2020\/10\/conferencia05.jpg?resize=1024%2C576&amp;ssl=1 1024w, https:\/\/i0.wp.com\/cdnoticias.com\/wp-content\/uploads\/2020\/10\/conferencia05.jpg?resize=300%2C169&amp;ssl=1 300w, https:\/\/i0.wp.com\/cdnoticias.com\/wp-content\/uploads\/2020\/10\/conferencia05.jpg?resize=768%2C432&amp;ssl=1 768w, https:\/\/i0.wp.com\/cdnoticias.com\/wp-content\/uploads\/2020\/10\/conferencia05.jpg?w=1152&amp;ssl=1 1152w\" sizes=\"auto, (max-width: 800px) 100vw, 800px\" \/><\/p>\n<p>&nbsp;<\/p>\n<p>El rumor sobre el presunto levantamiento del acampe frente al Palacio Municipal giraba desde hac\u00eda ya unas horas, por lo que se esperaba por el inicio de la conferencia para ver si se confirmaba esa versi\u00f3n, o c\u00f3mo ser\u00eda la continuidad del reclamo. Sin embargo<strong>, la intervenci\u00f3n de los manifestantes avanz\u00f3 sobre ribetes inesperados, al punto que relegaron por varios minutos la suerte de las carpas y gazebos en el Paseo Jes\u00fas Mend\u00eda.<\/strong><\/p>\n<p>&nbsp;<\/p>\n<p>Contrario a lo que la l\u00f3gica de una cr\u00f3nica manda, el desarrollo de la conferencia de prensa de este viernes impone arrancar por lo que sucedi\u00f3 sobre el cierre de la misma, ya que fue en ese momento donde<strong> se anunci\u00f3 que se ir\u00e1 a la justicia a denunciar el presunto manejo irregular de terrenos fiscales. \u201cEstamos diciendo que se est\u00e1n vendiendo terrenos fiscales\u201d, enfatizaron los manifestantes, quienes dejaron entrever la presunta connivencia de funcionarios para que ello suceda.<\/strong><\/p>\n<p>&nbsp;<\/p>\n<p><img data-recalc-dims=\"1\" loading=\"lazy\" decoding=\"async\" class=\"alignnone size-large wp-image-5275\" src=\"https:\/\/i0.wp.com\/cdnoticias.com\/wp-content\/uploads\/2020\/10\/conferencia03.jpg?resize=800%2C600&#038;ssl=1\" alt=\"\" width=\"800\" height=\"600\" srcset=\"https:\/\/i0.wp.com\/cdnoticias.com\/wp-content\/uploads\/2020\/10\/conferencia03.jpg?resize=1024%2C768&amp;ssl=1 1024w, https:\/\/i0.wp.com\/cdnoticias.com\/wp-content\/uploads\/2020\/10\/conferencia03.jpg?resize=300%2C225&amp;ssl=1 300w, https:\/\/i0.wp.com\/cdnoticias.com\/wp-content\/uploads\/2020\/10\/conferencia03.jpg?resize=768%2C576&amp;ssl=1 768w, https:\/\/i0.wp.com\/cdnoticias.com\/wp-content\/uploads\/2020\/10\/conferencia03.jpg?w=1152&amp;ssl=1 1152w\" sizes=\"auto, (max-width: 800px) 100vw, 800px\" \/><\/p>\n<p>&nbsp;<\/p>\n<p>Ante la consulta de los medios presentes respondieron <strong>\u201cvamos a ir a la justicia para que lo investigue y diga qui\u00e9n los est\u00e1 vendiendo\u201d<\/strong>. En ese apartado tambi\u00e9n denunciaron casos en el que los lotes eran asignados a militantes o afines. <strong>Revelaron que cuentan con la documentaci\u00f3n que evidencia esos manejos y que la acercar\u00e1n a la justicia con el correr de los pr\u00f3ximos d\u00edas.<\/strong><\/p>\n<p>&nbsp;<\/p>\n<p>A la par, revelaron otra grave denuncia que ya est\u00e1 en manos del Poder Judicial. <strong>\u201cTenemos documentaci\u00f3n y cuando se les va y se les dice al Ejecutivo, que tenemos esa documentaci\u00f3n, autom\u00e1ticamente, a las dos horas, hay una amenaza de muerte hacia la persona que fue y lo dijo\u201d<\/strong>, revelaron. A\u00f1adieron que la v\u00edctima es una \u201ccompa\u00f1era\u201d y que ya denunci\u00f3 el caso. \u201cEstamos hablando de una situaci\u00f3n muy grave\u201d, enfatizaron<\/p>\n<p>&nbsp;<\/p>\n<p><em><strong>\u201cVenimos dando una lucha ejemplar\u201d<\/strong><\/em><\/p>\n<p>&nbsp;<\/p>\n<p>Sobre la continuidad del reclamo se expres\u00f3 que realizar\u00e1n el levantamiento parcial del acampe, algo que se realiz\u00f3 ni bien culmin\u00f3 la conferencia de prensa. <strong>\u201cDada la circunstancia de que 4 de los 6 casos est\u00e1n moment\u00e1neamente resueltos las familias acordaron levantar parcialmente el acampe producto de que en principio todas las familias se mantienen unidas para que se resuelvan todos los casos\u201d<\/strong>, explicaron.<\/p>\n<p>&nbsp;<\/p>\n<p><strong>\u201cLos resultados de la lucha colectiva entre las familias, la Mesa de Emergencia y distintas agrupaciones, al d\u00eda de hoy son 3 subsidios de alquiler de $4.500, los materiales para la construcci\u00f3n del techo de una de las familias, y todav\u00eda se est\u00e1 trabajando en la casa del barrio Trabajadores que estaba incendiada y estamos a la espera del informe socioambiental de la trabajadora social<\/strong>\u201d, a\u00f1adieron.<\/p>\n<p>&nbsp;<\/p>\n<p><img data-recalc-dims=\"1\" loading=\"lazy\" decoding=\"async\" class=\"alignnone size-large wp-image-5284\" src=\"https:\/\/i0.wp.com\/cdnoticias.com\/wp-content\/uploads\/2020\/10\/conferencia07.jpg?resize=800%2C600&#038;ssl=1\" alt=\"\" width=\"800\" height=\"600\" srcset=\"https:\/\/i0.wp.com\/cdnoticias.com\/wp-content\/uploads\/2020\/10\/conferencia07.jpg?resize=1024%2C768&amp;ssl=1 1024w, https:\/\/i0.wp.com\/cdnoticias.com\/wp-content\/uploads\/2020\/10\/conferencia07.jpg?resize=300%2C225&amp;ssl=1 300w, https:\/\/i0.wp.com\/cdnoticias.com\/wp-content\/uploads\/2020\/10\/conferencia07.jpg?resize=768%2C576&amp;ssl=1 768w, https:\/\/i0.wp.com\/cdnoticias.com\/wp-content\/uploads\/2020\/10\/conferencia07.jpg?w=1152&amp;ssl=1 1152w\" sizes=\"auto, (max-width: 800px) 100vw, 800px\" \/><\/p>\n<p>&nbsp;<\/p>\n<p>No obstante, pese a los avances en el pedido de soluciones, <strong>\u201ctodas las familias, la Mesa de Emergencia y todos y todas las que acompa\u00f1amos coincidimos que esto es una soluci\u00f3n temporal, ya que un subsidio de alquiler de $4.500 no es una soluci\u00f3n de fondo. Desde el d\u00eda 1 las familias piden trabajo digno y posibilidad de acceso a cr\u00e9ditos que posibiliten la calidad de vida. No queremos nada gratis\u201d<\/strong>, subrayaron.<\/p>\n<p>&nbsp;<\/p>\n<p>\u201c<strong>Vamos a sacar uno de los gazebos, vamos a mantener el resto de las carpas y confiamos en que la semana que viene se solucionen de los dos casos que faltan. Tambi\u00e9n confiamos en la palabra de Robbiani donde nos dijo que nos iba a habilitar una reuni\u00f3n entre el Intendente y la Mesa de Emergencia. Los subsidios son por tres meses con posibilidad de renovarse, esa posibilidad la maneja el Ejecutivo\u201d<\/strong>, concluyeron al respecto.<\/p>\n","protected":false},"excerpt":{"rendered":"<p>As\u00ed fue anunciado en una conferencia de prensa desarrollada en la tarde de este viernes frente al Palacio Municipal.<\/p>\n","protected":false},"author":3,"featured_media":5287,"comment_status":"closed","ping_status":"closed","sticky":false,"template":"","format":"standard","meta":{"_jetpack_memberships_contains_paid_content":false,"footnotes":""},"categories":[5,1],"tags":[],"class_list":["post-5289","post","type-post","status-publish","format-standard","has-post-thumbnail","hentry","category-informacion-general","category-portada"],"jetpack_featured_media_url":"https:\/\/i0.wp.com\/cdnoticias.com\/wp-content\/uploads\/2020\/10\/conferencia10.jpg?fit=1152%2C648&ssl=1","jetpack_sharing_enabled":true,"_links":{"self":[{"href":"https:\/\/cdnoticias.com\/index.php\/wp-json\/wp\/v2\/posts\/5289","targetHints":{"allow":["GET"]}}],"collection":[{"href":"https:\/\/cdnoticias.com\/index.php\/wp-json\/wp\/v2\/posts"}],"about":[{"href":"https:\/\/cdnoticias.com\/index.php\/wp-json\/wp\/v2\/types\/post"}],"author":[{"embeddable":true,"href":"https:\/\/cdnoticias.com\/index.php\/wp-json\/wp\/v2\/users\/3"}],"replies":[{"embeddable":true,"href":"https:\/\/cdnoticias.com\/index.php\/wp-json\/wp\/v2\/comments?post=5289"}],"version-history":[{"count":0,"href":"https:\/\/cdnoticias.com\/index.php\/wp-json\/wp\/v2\/posts\/5289\/revisions"}],"wp:featuredmedia":[{"embeddable":true,"href":"https:\/\/cdnoticias.com\/index.php\/wp-json\/wp\/v2\/media\/5287"}],"wp:attachment":[{"href":"https:\/\/cdnoticias.com\/index.php\/wp-json\/wp\/v2\/media?parent=5289"}],"wp:term":[{"taxonomy":"category","embeddable":true,"href":"https:\/\/cdnoticias.com\/index.php\/wp-json\/wp\/v2\/categories?post=5289"},{"taxonomy":"post_tag","embeddable":true,"href":"https:\/\/cdnoticias.com\/index.php\/wp-json\/wp\/v2\/tags?post=5289"}],"curies":[{"name":"wp","href":"https:\/\/api.w.org\/{rel}","templated":true}]}}