{"id":52889,"date":"2022-04-27T08:12:28","date_gmt":"2022-04-27T11:12:28","guid":{"rendered":"https:\/\/www.centraldenoticias.com.ar\/?p=52889"},"modified":"2022-04-27T12:59:07","modified_gmt":"2022-04-27T15:59:07","slug":"un-olavarriense-conducia-un-camion-que-despisto-y-volco-en-ruta-3","status":"publish","type":"post","link":"https:\/\/cdnoticias.com\/index.php\/2022\/04\/27\/un-olavarriense-conducia-un-camion-que-despisto-y-volco-en-ruta-3\/","title":{"rendered":"Un olavarriense conduc\u00eda un cami\u00f3n que despist\u00f3 y volc\u00f3 en ruta 3"},"content":{"rendered":"<p>Ocurri\u00f3 durante la noche del martes en el kil\u00f3metro 266.<!--more--><\/p>\n<hr \/>\n<p>Pasadas las 23:30 del martes, <strong>un cami\u00f3n despist\u00f3 y volc\u00f3 su chasis en el kil\u00f3metro 266 de la ruta 3.<\/strong><\/p>\n<p>&nbsp;<\/p>\n<p>Seg\u00fan indica el portal <em>Noticias de Azul<\/em>, <strong>el cami\u00f3n marca Mercedes Benz 1114 era conducido por Carlos Alleman, oriundo de Olavarr\u00eda.<\/strong> \u00a0Afortunadamente no hubo que lamentar personas heridas en el siniestro, solo da\u00f1os materiales.<\/p>\n<p>&nbsp;<\/p>\n<p><img data-recalc-dims=\"1\" loading=\"lazy\" decoding=\"async\" class=\"aligncenter size-full wp-image-52891\" src=\"https:\/\/i0.wp.com\/cdnoticias.com\/wp-content\/uploads\/2022\/04\/vuelcoruta3-1.jpg?resize=700%2C429&#038;ssl=1\" alt=\"\" width=\"700\" height=\"429\" srcset=\"https:\/\/i0.wp.com\/cdnoticias.com\/wp-content\/uploads\/2022\/04\/vuelcoruta3-1.jpg?w=700&amp;ssl=1 700w, https:\/\/i0.wp.com\/cdnoticias.com\/wp-content\/uploads\/2022\/04\/vuelcoruta3-1.jpg?resize=300%2C184&amp;ssl=1 300w\" sizes=\"auto, (max-width: 700px) 100vw, 700px\" \/><\/p>\n<p>&nbsp;<\/p>\n<p>Trabajaron en el lugar, personal de peajes y agentes de polic\u00eda vial y la subcomisar\u00eda de Cachar\u00ed.<\/p>\n<p>&nbsp;<\/p>\n<p><em>Fuente: Noticias de Azul.\u00a0<\/em><\/p>\n","protected":false},"excerpt":{"rendered":"<p>Ocurri\u00f3 durante la noche del martes en el kil\u00f3metro 266.<\/p>\n","protected":false},"author":5,"featured_media":52890,"comment_status":"closed","ping_status":"closed","sticky":false,"template":"","format":"standard","meta":{"_jetpack_memberships_contains_paid_content":false,"footnotes":""},"categories":[14,1],"tags":[],"class_list":["post-52889","post","type-post","status-publish","format-standard","has-post-thumbnail","hentry","category-policiales","category-portada"],"jetpack_featured_media_url":"https:\/\/i0.wp.com\/cdnoticias.com\/wp-content\/uploads\/2022\/04\/vuelcoruta3.webp?fit=700%2C407&ssl=1","jetpack_sharing_enabled":true,"_links":{"self":[{"href":"https:\/\/cdnoticias.com\/index.php\/wp-json\/wp\/v2\/posts\/52889","targetHints":{"allow":["GET"]}}],"collection":[{"href":"https:\/\/cdnoticias.com\/index.php\/wp-json\/wp\/v2\/posts"}],"about":[{"href":"https:\/\/cdnoticias.com\/index.php\/wp-json\/wp\/v2\/types\/post"}],"author":[{"embeddable":true,"href":"https:\/\/cdnoticias.com\/index.php\/wp-json\/wp\/v2\/users\/5"}],"replies":[{"embeddable":true,"href":"https:\/\/cdnoticias.com\/index.php\/wp-json\/wp\/v2\/comments?post=52889"}],"version-history":[{"count":0,"href":"https:\/\/cdnoticias.com\/index.php\/wp-json\/wp\/v2\/posts\/52889\/revisions"}],"wp:featuredmedia":[{"embeddable":true,"href":"https:\/\/cdnoticias.com\/index.php\/wp-json\/wp\/v2\/media\/52890"}],"wp:attachment":[{"href":"https:\/\/cdnoticias.com\/index.php\/wp-json\/wp\/v2\/media?parent=52889"}],"wp:term":[{"taxonomy":"category","embeddable":true,"href":"https:\/\/cdnoticias.com\/index.php\/wp-json\/wp\/v2\/categories?post=52889"},{"taxonomy":"post_tag","embeddable":true,"href":"https:\/\/cdnoticias.com\/index.php\/wp-json\/wp\/v2\/tags?post=52889"}],"curies":[{"name":"wp","href":"https:\/\/api.w.org\/{rel}","templated":true}]}}