{"id":52876,"date":"2022-04-26T20:14:00","date_gmt":"2022-04-26T23:14:00","guid":{"rendered":"https:\/\/www.centraldenoticias.com.ar\/?p=52876"},"modified":"2022-04-27T08:34:37","modified_gmt":"2022-04-27T11:34:37","slug":"renuevan-el-alerta-naranja-por-fuertes-tormentas-para-olavarria","status":"publish","type":"post","link":"https:\/\/cdnoticias.com\/index.php\/2022\/04\/26\/renuevan-el-alerta-naranja-por-fuertes-tormentas-para-olavarria\/","title":{"rendered":"Renuevan el \u201calerta naranja\u201d por fuertes tormentas para Olavarr\u00eda"},"content":{"rendered":"<p>As\u00ed fue informado por el Servicio Meteorol\u00f3gico Nacional. Para distritos como el de Azul el alerta es \u201crojo\u201d. Piden no salir de las casas hasta tanto cese el aviso.<!--more--><\/p>\n<hr \/>\n<p>Este martes al mediod\u00eda, <a href=\"https:\/\/cdnoticias.com\/index.php\/2022\/04\/26\/defensa-civil-alerto-a-la-poblacion-ante-posibles-fenomenos-meteorologicos-severos\/\" target=\"_blank\" rel=\"noopener\">desde Defensa Civil se pidieron recaudos por una importante tormenta que llegar\u00eda al cierre de la jornada<\/a>. El Servicio Meteorol\u00f3gico, tras las lluvias, <strong>renov\u00f3 el alerta e incluso insisti\u00f3 en mantenerse en lugares cerrados por un temporal que azotar\u00e1 la ciudad.<\/strong><\/p>\n<p>&nbsp;<\/p>\n<p>Seg\u00fan se precis\u00f3, el \u00e1rea<strong><em> \u201cser\u00e1 afectada por tormentas fuertes o severas, las cuales estar\u00e1n acompa\u00f1adas por muy intensas r\u00e1fagas, fuerte actividad el\u00e9ctrica, ca\u00edda de granizo y abundante ca\u00edda de agua en cortos per\u00edodos\u201d.<\/em><\/strong><\/p>\n<p>&nbsp;<\/p>\n<blockquote><p>\u201cSe esperan valores de precipitaci\u00f3n acumulada entre 50 y 70 mm, pudiendo ser superados de forma localizada\u201d agregaron.<\/p><\/blockquote>\n<p>&nbsp;<\/p>\n<p>Posterior a este temporal, en tanto,<strong> no se esperan m\u00e1s alertas y la jornada del mi\u00e9rcoles ser\u00e1 con el cielo algo nublado y una m\u00e1xima de 17 grados, con vientos del sudoeste.<\/strong><\/p>\n<p>&nbsp;<\/p>\n<p><strong>En Azul el alerta es a\u00fan m\u00e1s complejo: seg\u00fan se inform\u00f3 la condici\u00f3n es \u201crojo\u201d<\/strong> y la tormenta se estima que ser\u00e1<strong> \u201csevera\u201d en esa zona, con actividad el\u00e9ctrica y r\u00e1fagas que podr\u00edan superar los 90km\/h.<\/strong> Piden, tal como acontece en Olavarr\u00eda, resguardarse en zonas cerradas y no circular por la v\u00eda p\u00fablica hasta tanto pase el temporal.<\/p>\n","protected":false},"excerpt":{"rendered":"<p>As\u00ed fue informado por el Servicio Meteorol\u00f3gico Nacional. Para distritos como el de Azul el alerta es \u201crojo\u201d. Piden no<\/p>\n","protected":false},"author":2,"featured_media":52877,"comment_status":"closed","ping_status":"closed","sticky":false,"template":"","format":"standard","meta":{"_jetpack_memberships_contains_paid_content":false,"footnotes":""},"categories":[5],"tags":[],"class_list":["post-52876","post","type-post","status-publish","format-standard","has-post-thumbnail","hentry","category-informacion-general"],"jetpack_featured_media_url":"https:\/\/i0.wp.com\/cdnoticias.com\/wp-content\/uploads\/2022\/04\/alerta-naranja.jpg?fit=623%2C298&ssl=1","jetpack_sharing_enabled":true,"_links":{"self":[{"href":"https:\/\/cdnoticias.com\/index.php\/wp-json\/wp\/v2\/posts\/52876","targetHints":{"allow":["GET"]}}],"collection":[{"href":"https:\/\/cdnoticias.com\/index.php\/wp-json\/wp\/v2\/posts"}],"about":[{"href":"https:\/\/cdnoticias.com\/index.php\/wp-json\/wp\/v2\/types\/post"}],"author":[{"embeddable":true,"href":"https:\/\/cdnoticias.com\/index.php\/wp-json\/wp\/v2\/users\/2"}],"replies":[{"embeddable":true,"href":"https:\/\/cdnoticias.com\/index.php\/wp-json\/wp\/v2\/comments?post=52876"}],"version-history":[{"count":0,"href":"https:\/\/cdnoticias.com\/index.php\/wp-json\/wp\/v2\/posts\/52876\/revisions"}],"wp:featuredmedia":[{"embeddable":true,"href":"https:\/\/cdnoticias.com\/index.php\/wp-json\/wp\/v2\/media\/52877"}],"wp:attachment":[{"href":"https:\/\/cdnoticias.com\/index.php\/wp-json\/wp\/v2\/media?parent=52876"}],"wp:term":[{"taxonomy":"category","embeddable":true,"href":"https:\/\/cdnoticias.com\/index.php\/wp-json\/wp\/v2\/categories?post=52876"},{"taxonomy":"post_tag","embeddable":true,"href":"https:\/\/cdnoticias.com\/index.php\/wp-json\/wp\/v2\/tags?post=52876"}],"curies":[{"name":"wp","href":"https:\/\/api.w.org\/{rel}","templated":true}]}}