{"id":52867,"date":"2022-04-26T18:44:23","date_gmt":"2022-04-26T21:44:23","guid":{"rendered":"https:\/\/www.centraldenoticias.com.ar\/?p=52867"},"modified":"2022-04-26T18:44:23","modified_gmt":"2022-04-26T21:44:23","slug":"ritondo-y-carrara-se-mostraron-con-dirigentes-de-saladillo","status":"publish","type":"post","link":"https:\/\/cdnoticias.com\/index.php\/2022\/04\/26\/ritondo-y-carrara-se-mostraron-con-dirigentes-de-saladillo\/","title":{"rendered":"Ritondo y Carrara se mostraron con dirigentes de Saladillo"},"content":{"rendered":"<p>Se reunieron con Ignacio Bustingorri, de la vecina ciudad, y se mostr\u00f3 un nuevo paso en el armado del ex ministro de Seguridad.<!--more--><\/p>\n<hr \/>\n<p>En el marco de reuniones y recorridas que muestran el armado del<strong> ex ministro de Seguridad Cristian Ritondo en la S\u00e9ptima Secci\u00f3n, junto al diputado provincial Juan Carrara se mostraron con Ignacio Bustingorri, de Saladillo, \u201cpor el trabajo que venimos realizando\u201d en la vecina ciudad.<\/strong><\/p>\n<p>&nbsp;<\/p>\n<p>Carrara en sus redes sociales cit\u00f3 la publicaci\u00f3n realizada por Ritondo y se\u00f1al\u00f3 que se encuentran en la b\u00fasqueda de escuchar y dialogar <em>\u201ccon cada uno de los bonaerenses, vamos a cambiar y transformar esta realidad\u201d<\/em> en la S\u00e9ptima Secci\u00f3n y en toda la Provincia.<\/p>\n<p>&nbsp;<\/p>\n<blockquote class=\"twitter-tweet\">\n<p dir=\"ltr\" lang=\"es\">Nos encontramos con <a href=\"https:\/\/twitter.com\/cristianritondo?ref_src=twsrc%5Etfw\">@cristianritondo<\/a> e <a href=\"https:\/\/twitter.com\/ibustingo?ref_src=twsrc%5Etfw\">@ibustingo<\/a> para analizar el trabajo que venimos desarrollando en <a href=\"https:\/\/twitter.com\/hashtag\/Saladillo?src=hash&amp;ref_src=twsrc%5Etfw\">#Saladillo<\/a>, la <a href=\"https:\/\/twitter.com\/hashtag\/S%C3%A9ptimaSecci%C3%B3n?src=hash&amp;ref_src=twsrc%5Etfw\">#S\u00e9ptimaSecci\u00f3n<\/a> y en toda la Provincia.<\/p>\n<p>Escuchando y dialogando con cada uno de los bonaerenses, vamos a cambiar y transformar esta realidad. <a href=\"https:\/\/t.co\/9KueETlSf6\">https:\/\/t.co\/9KueETlSf6<\/a><\/p>\n<p>\u2014 Juan Carrara (@JuanBCarrara) <a href=\"https:\/\/twitter.com\/JuanBCarrara\/status\/1519035652670881792?ref_src=twsrc%5Etfw\">April 26, 2022<\/a><\/p><\/blockquote>\n<p><script async src=\"https:\/\/platform.twitter.com\/widgets.js\" charset=\"utf-8\"><\/script><\/p>\n<p>&nbsp;<\/p>\n<p>Ritondo, por su parte, dijo que el objetivo de la reuni\u00f3n fue<strong><em> \u201canalizar la situaci\u00f3n de la 7ma secci\u00f3n y el resto de la Provincia\u201d.<\/em><\/strong><\/p>\n<p>&nbsp;<\/p>\n<p><em>\u201cTenemos la decisi\u00f3n de ordenar este caos en hechos concretos y cambios significativos para todos los bonaerenses que queremos ver bien la Provincia\u201d<\/em> cerr\u00f3 el diputado nacional, en una nueva muestra de sus intenciones en el territorio bonaerense.<\/p>\n","protected":false},"excerpt":{"rendered":"<p>Se reunieron con Ignacio Bustingorri, de la vecina ciudad, y se mostr\u00f3 un nuevo paso en el armado del ex<\/p>\n","protected":false},"author":2,"featured_media":52868,"comment_status":"closed","ping_status":"closed","sticky":false,"template":"","format":"standard","meta":{"_jetpack_memberships_contains_paid_content":false,"footnotes":""},"categories":[4,1],"tags":[],"class_list":["post-52867","post","type-post","status-publish","format-standard","has-post-thumbnail","hentry","category-politica","category-portada"],"jetpack_featured_media_url":"https:\/\/i0.wp.com\/cdnoticias.com\/wp-content\/uploads\/2022\/04\/FRSkgCAWYAoVyRp.jpg?fit=1600%2C1200&ssl=1","jetpack_sharing_enabled":true,"_links":{"self":[{"href":"https:\/\/cdnoticias.com\/index.php\/wp-json\/wp\/v2\/posts\/52867","targetHints":{"allow":["GET"]}}],"collection":[{"href":"https:\/\/cdnoticias.com\/index.php\/wp-json\/wp\/v2\/posts"}],"about":[{"href":"https:\/\/cdnoticias.com\/index.php\/wp-json\/wp\/v2\/types\/post"}],"author":[{"embeddable":true,"href":"https:\/\/cdnoticias.com\/index.php\/wp-json\/wp\/v2\/users\/2"}],"replies":[{"embeddable":true,"href":"https:\/\/cdnoticias.com\/index.php\/wp-json\/wp\/v2\/comments?post=52867"}],"version-history":[{"count":0,"href":"https:\/\/cdnoticias.com\/index.php\/wp-json\/wp\/v2\/posts\/52867\/revisions"}],"wp:featuredmedia":[{"embeddable":true,"href":"https:\/\/cdnoticias.com\/index.php\/wp-json\/wp\/v2\/media\/52868"}],"wp:attachment":[{"href":"https:\/\/cdnoticias.com\/index.php\/wp-json\/wp\/v2\/media?parent=52867"}],"wp:term":[{"taxonomy":"category","embeddable":true,"href":"https:\/\/cdnoticias.com\/index.php\/wp-json\/wp\/v2\/categories?post=52867"},{"taxonomy":"post_tag","embeddable":true,"href":"https:\/\/cdnoticias.com\/index.php\/wp-json\/wp\/v2\/tags?post=52867"}],"curies":[{"name":"wp","href":"https:\/\/api.w.org\/{rel}","templated":true}]}}