{"id":52864,"date":"2022-04-26T18:19:48","date_gmt":"2022-04-26T21:19:48","guid":{"rendered":"https:\/\/www.centraldenoticias.com.ar\/?p=52864"},"modified":"2022-04-26T18:19:48","modified_gmt":"2022-04-26T21:19:48","slug":"vacunacion-antirrabica-en-el-paseo-de-la-salud","status":"publish","type":"post","link":"https:\/\/cdnoticias.com\/index.php\/2022\/04\/26\/vacunacion-antirrabica-en-el-paseo-de-la-salud\/","title":{"rendered":"Vacunaci\u00f3n antirr\u00e1bica en el Paseo de la Salud"},"content":{"rendered":"<p>El operativo ser\u00e1 este jueves 28 de abril de 12:00 a 13:30. Se inform\u00f3 que se llevar\u00e1 a cabo el \u00faltimo jueves de cada mes. <!--more--><\/p>\n<hr \/>\n<p>&nbsp;<\/p>\n<p>Desde la <strong>Direcci\u00f3n de Bromatolog\u00eda<\/strong> Municipal se inform\u00f3 que a partir de este<strong> jueves 28 de abril se pondr\u00e1 en marcha un operativo de vacunaci\u00f3n antirr\u00e1bica en el Paseo de la Salud<\/strong>, tarea que ser\u00e1 complementaria al cronograma anual y se llevar\u00e1 a cabo el <strong>\u00faltimo jueves de cada mes.<\/strong><\/p>\n<p>&nbsp;<\/p>\n<p>Se detall\u00f3 que se dispondr\u00e1 de un <strong>puesto de vacunaci\u00f3n<\/strong> en el paseo situado sobre <strong>Almirante Brown y Belgrano,<\/strong> el cual funcionar\u00e1 en el <strong>horario de 12:00 a 13:30.<\/strong><\/p>\n<p>&nbsp;<\/p>\n<p>Se <strong>solicita que las mascotas sean trasladadas por un adulto, los perros con collar, correa y bozal de ser necesario<\/strong> y los <strong>gatos dentro de un bolso transportador.<\/strong><\/p>\n<p>&nbsp;<\/p>\n<p>La <strong>rabia es una enfermedad viral zoon\u00f3tica<\/strong> que puede <strong>afectar el sistema nervioso<\/strong> central de todos los mam\u00edferos, entre ellos el humano, y una vez que se manifiesta <strong>causa inevitablemente la muerte.<\/strong><\/p>\n<p>&nbsp;<\/p>\n<p><strong>\u00bfC\u00f3mo se transmite la rabia?<\/strong><\/p>\n<p>&nbsp;<\/p>\n<p>El virus <strong>est\u00e1 presente en la saliva y el cerebro de los animales infectados,<\/strong> siendo la saliva el medio de contagio, generalmente <strong>a trav\u00e9s de una mordedura.<\/strong><\/p>\n<p>&nbsp;<\/p>\n<p>En nuestra zona, el reservorio del virus son los murci\u00e9lagos, los cuales se alimentan de insectos, no atacan a los animales ni al hombre, pero al estar enfermos pueden caer en techos, patios o en la v\u00eda p\u00fablica y ser encontrados por nuestras mascotas, las cuales se acercar\u00e1n por instinto (para jugar o cazar) y pueden ser mordidos por estos murci\u00e9lagos.<\/p>\n<p>&nbsp;<\/p>\n<p><strong>\u00bfC\u00f3mo prevenir la rabia?<\/strong><\/p>\n<p>&nbsp;<\/p>\n<p>La prevenci\u00f3n se realiza mediante la<strong> vacunaci\u00f3n anual de perros y gatos<\/strong>, a partir de los <strong>3 meses de edad.<\/strong><\/p>\n<p>&nbsp;<\/p>\n<p>Por \u00faltimo, desde la Direcci\u00f3n de Bromatolog\u00eda Municipal se insisti\u00f3 en que esta es una medida adicional al cronograma anual de vacunaci\u00f3n antirr\u00e1bica, y que adem\u00e1s las personas interesadas pueden presentarse de <strong>lunes a viernes de 12:00 a 13:00 en el predio de Bromatolog\u00eda.<\/strong><\/p>\n","protected":false},"excerpt":{"rendered":"<p>El operativo ser\u00e1 este jueves 28 de abril de 12:00 a 13:30. Se inform\u00f3 que se llevar\u00e1 a cabo el<\/p>\n","protected":false},"author":6,"featured_media":22265,"comment_status":"closed","ping_status":"closed","sticky":false,"template":"","format":"standard","meta":{"_jetpack_memberships_contains_paid_content":false,"footnotes":""},"categories":[5,1],"tags":[],"class_list":["post-52864","post","type-post","status-publish","format-standard","has-post-thumbnail","hentry","category-informacion-general","category-portada"],"jetpack_featured_media_url":"https:\/\/i0.wp.com\/cdnoticias.com\/wp-content\/uploads\/2021\/05\/rabic.jpg?fit=640%2C427&ssl=1","jetpack_sharing_enabled":true,"_links":{"self":[{"href":"https:\/\/cdnoticias.com\/index.php\/wp-json\/wp\/v2\/posts\/52864","targetHints":{"allow":["GET"]}}],"collection":[{"href":"https:\/\/cdnoticias.com\/index.php\/wp-json\/wp\/v2\/posts"}],"about":[{"href":"https:\/\/cdnoticias.com\/index.php\/wp-json\/wp\/v2\/types\/post"}],"author":[{"embeddable":true,"href":"https:\/\/cdnoticias.com\/index.php\/wp-json\/wp\/v2\/users\/6"}],"replies":[{"embeddable":true,"href":"https:\/\/cdnoticias.com\/index.php\/wp-json\/wp\/v2\/comments?post=52864"}],"version-history":[{"count":0,"href":"https:\/\/cdnoticias.com\/index.php\/wp-json\/wp\/v2\/posts\/52864\/revisions"}],"wp:featuredmedia":[{"embeddable":true,"href":"https:\/\/cdnoticias.com\/index.php\/wp-json\/wp\/v2\/media\/22265"}],"wp:attachment":[{"href":"https:\/\/cdnoticias.com\/index.php\/wp-json\/wp\/v2\/media?parent=52864"}],"wp:term":[{"taxonomy":"category","embeddable":true,"href":"https:\/\/cdnoticias.com\/index.php\/wp-json\/wp\/v2\/categories?post=52864"},{"taxonomy":"post_tag","embeddable":true,"href":"https:\/\/cdnoticias.com\/index.php\/wp-json\/wp\/v2\/tags?post=52864"}],"curies":[{"name":"wp","href":"https:\/\/api.w.org\/{rel}","templated":true}]}}