{"id":52781,"date":"2022-04-26T07:48:26","date_gmt":"2022-04-26T10:48:26","guid":{"rendered":"https:\/\/www.centraldenoticias.com.ar\/?p=52781"},"modified":"2022-04-26T07:48:26","modified_gmt":"2022-04-26T10:48:26","slug":"regina-alicia-palacio-viuda-de-paramio-q-e-p-d","status":"publish","type":"post","link":"https:\/\/cdnoticias.com\/index.php\/2022\/04\/26\/regina-alicia-palacio-viuda-de-paramio-q-e-p-d\/","title":{"rendered":"Regina Alicia Palacio viuda de Paramio (Q.E.P.D.)"},"content":{"rendered":"<p>Falleci\u00f3 en Olavarr\u00eda el d\u00eda 26 de abril a los 79 a\u00f1os de edad. Sus hijos Luis Alejandro y Juan Horacio Paramio; sus hermanos Hugo, Horacio, Celia y Mariana Palacio; sus hermanos pol\u00edticos; sus sobrinos; sus sobrinos pol\u00edticos y dem\u00e1s deudos participan su fallecimiento.<\/p>\n<p>&nbsp;<\/p>\n<p>Sus restos ser\u00e1n velados en Espa\u00f1a 2942 departamento &#8220;D&#8221; -el velatorio comienza a las 6:30- y ser\u00e1n inhumados este martes 26 de abril a las 10:30, previo responso en la capilla ardiente. Vecina de Microcentro. Nacida en Vela. Jubilada y Pensionada.<\/p>\n","protected":false},"excerpt":{"rendered":"<p>Falleci\u00f3 en Olavarr\u00eda el d\u00eda 26 de abril a los 79 a\u00f1os de edad. Sus hijos Luis Alejandro y Juan<\/p>\n","protected":false},"author":5,"featured_media":51544,"comment_status":"closed","ping_status":"closed","sticky":false,"template":"","format":"standard","meta":{"_jetpack_memberships_contains_paid_content":false,"footnotes":""},"categories":[10],"tags":[],"class_list":["post-52781","post","type-post","status-publish","format-standard","has-post-thumbnail","hentry","category-necrologicas"],"jetpack_featured_media_url":"https:\/\/i0.wp.com\/cdnoticias.com\/wp-content\/uploads\/2022\/04\/necrologicas-390-x-240.jpg?fit=390%2C240&ssl=1","jetpack_sharing_enabled":true,"_links":{"self":[{"href":"https:\/\/cdnoticias.com\/index.php\/wp-json\/wp\/v2\/posts\/52781","targetHints":{"allow":["GET"]}}],"collection":[{"href":"https:\/\/cdnoticias.com\/index.php\/wp-json\/wp\/v2\/posts"}],"about":[{"href":"https:\/\/cdnoticias.com\/index.php\/wp-json\/wp\/v2\/types\/post"}],"author":[{"embeddable":true,"href":"https:\/\/cdnoticias.com\/index.php\/wp-json\/wp\/v2\/users\/5"}],"replies":[{"embeddable":true,"href":"https:\/\/cdnoticias.com\/index.php\/wp-json\/wp\/v2\/comments?post=52781"}],"version-history":[{"count":0,"href":"https:\/\/cdnoticias.com\/index.php\/wp-json\/wp\/v2\/posts\/52781\/revisions"}],"wp:featuredmedia":[{"embeddable":true,"href":"https:\/\/cdnoticias.com\/index.php\/wp-json\/wp\/v2\/media\/51544"}],"wp:attachment":[{"href":"https:\/\/cdnoticias.com\/index.php\/wp-json\/wp\/v2\/media?parent=52781"}],"wp:term":[{"taxonomy":"category","embeddable":true,"href":"https:\/\/cdnoticias.com\/index.php\/wp-json\/wp\/v2\/categories?post=52781"},{"taxonomy":"post_tag","embeddable":true,"href":"https:\/\/cdnoticias.com\/index.php\/wp-json\/wp\/v2\/tags?post=52781"}],"curies":[{"name":"wp","href":"https:\/\/api.w.org\/{rel}","templated":true}]}}