{"id":5277,"date":"2020-10-30T18:39:30","date_gmt":"2020-10-30T21:39:30","guid":{"rendered":"http:\/\/www.centraldenoticias.com.ar\/?p=5277"},"modified":"2020-10-30T18:39:30","modified_gmt":"2020-10-30T21:39:30","slug":"unicen-congreso-virtual-de-logistica-puerto-y-comercio-exterior","status":"publish","type":"post","link":"https:\/\/cdnoticias.com\/index.php\/2020\/10\/30\/unicen-congreso-virtual-de-logistica-puerto-y-comercio-exterior\/","title":{"rendered":"Unicen: Congreso virtual de Log\u00edstica, Puerto y Comercio Exterior"},"content":{"rendered":"<p>Ser\u00e1 del 4 al 6 de noviembre impulsado por la sede Quequ\u00e9n de la Universidad Nacional del Centro. La inscripci\u00f3n es libre y gratuita.<!--more--><\/p>\n<hr \/>\n<p>La Sede Quequ\u00e9n de la UNICEN realizar\u00e1 del 4 al 6 de noviembre, la sexta edici\u00f3n del <strong>Congreso de Log\u00edstica, Puerto y Comercio Exterior<\/strong>, que podr\u00e1 verse en el canal de Youtube de la Universidad.<\/p>\n<p>&nbsp;<\/p>\n<p>El evento apunta a <strong>optimizar los procesos log\u00edsticos de la cadena de valor como base de un comercio exterior m\u00e1s eficiente y competitivo<\/strong>. Adem\u00e1s, se dar\u00e1n a conocer casos de \u00e9xito en los que se ha tomado a la log\u00edstica como un factor clave en la estrategia de crecimiento de los negocios y mercados.<\/p>\n<p>&nbsp;<\/p>\n<p>Del Congreso participar\u00e1n actores del \u00e1mbito acad\u00e9mico, social, estatal, del puerto de Quequ\u00e9n, el sector privado y la cadena agro exportadora, tanto nacionales como internacionales.<\/p>\n<p>&nbsp;<\/p>\n<p><strong>La inscripci\u00f3n, libre y gratuita<\/strong>, se realiza a trav\u00e9s de la p\u00e1gina (<a href=\"http:\/\/www.quequen.unicen.edu.ar\/congreso\/\" target=\"_blank\" rel=\"noopener\">hacer click aqu\u00ed<\/a>) o a trav\u00e9s del contacto en <strong>Facebook e Instagram de \u201cCongreso de Log\u00edstica, Puertos y Comercio Exterior\u201d.<\/strong> El acceso de Youtube se informar\u00e1 v\u00eda mail. Para m\u00e1s informaci\u00f3n, llamar al (02262-15368358).<\/p>\n<p>&nbsp;<\/p>\n<p><img data-recalc-dims=\"1\" loading=\"lazy\" decoding=\"async\" class=\"alignnone size-large wp-image-5279\" src=\"https:\/\/i0.wp.com\/cdnoticias.com\/wp-content\/uploads\/2020\/10\/Congreso2.jpeg?resize=800%2C804&#038;ssl=1\" alt=\"\" width=\"800\" height=\"804\" srcset=\"https:\/\/i0.wp.com\/cdnoticias.com\/wp-content\/uploads\/2020\/10\/Congreso2.jpeg?resize=1019%2C1024&amp;ssl=1 1019w, https:\/\/i0.wp.com\/cdnoticias.com\/wp-content\/uploads\/2020\/10\/Congreso2.jpeg?resize=150%2C150&amp;ssl=1 150w, https:\/\/i0.wp.com\/cdnoticias.com\/wp-content\/uploads\/2020\/10\/Congreso2.jpeg?resize=768%2C772&amp;ssl=1 768w, https:\/\/i0.wp.com\/cdnoticias.com\/wp-content\/uploads\/2020\/10\/Congreso2.jpeg?w=1274&amp;ssl=1 1274w\" sizes=\"auto, (max-width: 800px) 100vw, 800px\" \/><\/p>\n<p>&nbsp;<\/p>\n<p><strong>Cronograma:<\/strong><\/p>\n<p>&nbsp;<\/p>\n<p>Mi\u00e9rcoles 4<\/p>\n<p>&#8211; 17:30 hs Inauguraci\u00f3n con autoridades de UNICEN.<\/p>\n<p>&#8211; 18:00 hs \u201cEl desaf\u00edo de los puertos pos pandemia &#8211; Infraestructura, Operatoria Log\u00edstica y Barreras Fitosanitarias.<\/p>\n<p>&nbsp;<\/p>\n<p><strong>Jueves 5<\/strong><\/p>\n<p>&#8211; 17:50. Apertura y presentaci\u00f3n.<\/p>\n<p>&#8211; 18:00. Mesa de debate \u201cIntegraci\u00f3n comercial internacional pos pandemia\u201d.<\/p>\n<p>&nbsp;<\/p>\n<p><strong>Viernes 6<\/strong><\/p>\n<p>&#8211; 17:50. Apertura y presentaci\u00f3n.<\/p>\n<p>&#8211; 18:00. Mesa de debate \u201cInfraestructura y TIC\u00b4s aplicadas al comercio internacional\u201d.<\/p>\n<p>&nbsp;<\/p>\n<p><strong>Cierre:<\/strong> Presentaci\u00f3n del tema a cargo del rector Roberto Tassara. Presentaci\u00f3n Magistral: \u201cModernizaci\u00f3n y redise\u00f1o del transporte de carga ferroviaria para ganar competitividad en los accesos a puertos bonaerenses\u201d<\/p>\n","protected":false},"excerpt":{"rendered":"<p>Ser\u00e1 del 4 al 6 de noviembre impulsado por la sede Quequ\u00e9n de la Universidad Nacional del Centro. La inscripci\u00f3n<\/p>\n","protected":false},"author":5,"featured_media":5278,"comment_status":"closed","ping_status":"closed","sticky":false,"template":"","format":"standard","meta":{"_jetpack_memberships_contains_paid_content":false,"footnotes":""},"categories":[5],"tags":[],"class_list":["post-5277","post","type-post","status-publish","format-standard","has-post-thumbnail","hentry","category-informacion-general"],"jetpack_featured_media_url":"https:\/\/i0.wp.com\/cdnoticias.com\/wp-content\/uploads\/2020\/10\/Congreso.jpeg?fit=1280%2C1274&ssl=1","jetpack_sharing_enabled":true,"_links":{"self":[{"href":"https:\/\/cdnoticias.com\/index.php\/wp-json\/wp\/v2\/posts\/5277","targetHints":{"allow":["GET"]}}],"collection":[{"href":"https:\/\/cdnoticias.com\/index.php\/wp-json\/wp\/v2\/posts"}],"about":[{"href":"https:\/\/cdnoticias.com\/index.php\/wp-json\/wp\/v2\/types\/post"}],"author":[{"embeddable":true,"href":"https:\/\/cdnoticias.com\/index.php\/wp-json\/wp\/v2\/users\/5"}],"replies":[{"embeddable":true,"href":"https:\/\/cdnoticias.com\/index.php\/wp-json\/wp\/v2\/comments?post=5277"}],"version-history":[{"count":0,"href":"https:\/\/cdnoticias.com\/index.php\/wp-json\/wp\/v2\/posts\/5277\/revisions"}],"wp:featuredmedia":[{"embeddable":true,"href":"https:\/\/cdnoticias.com\/index.php\/wp-json\/wp\/v2\/media\/5278"}],"wp:attachment":[{"href":"https:\/\/cdnoticias.com\/index.php\/wp-json\/wp\/v2\/media?parent=5277"}],"wp:term":[{"taxonomy":"category","embeddable":true,"href":"https:\/\/cdnoticias.com\/index.php\/wp-json\/wp\/v2\/categories?post=5277"},{"taxonomy":"post_tag","embeddable":true,"href":"https:\/\/cdnoticias.com\/index.php\/wp-json\/wp\/v2\/tags?post=5277"}],"curies":[{"name":"wp","href":"https:\/\/api.w.org\/{rel}","templated":true}]}}