{"id":52698,"date":"2022-04-26T08:07:34","date_gmt":"2022-04-26T11:07:34","guid":{"rendered":"https:\/\/www.centraldenoticias.com.ar\/?p=52698"},"modified":"2022-04-26T08:07:34","modified_gmt":"2022-04-26T11:07:34","slug":"se-presento-la-agrupacion-peronista-plan-lara","status":"publish","type":"post","link":"https:\/\/cdnoticias.com\/index.php\/2022\/04\/26\/se-presento-la-agrupacion-peronista-plan-lara\/","title":{"rendered":"Se present\u00f3 la Agrupaci\u00f3n Peronista \u201cPlan Lara\u201d"},"content":{"rendered":"<p>Est\u00e1 conformado por quienes adhieren al Frente de Todos. \u201cOlavarr\u00eda debe desarrollarse en base a lineamientos hist\u00f3ricos de planificaci\u00f3n estrat\u00e9gica\u201d dijo Guillermo Santell\u00e1n.<!--more--><\/p>\n<hr \/>\n<p>Se present\u00f3 la<strong> Agrupaci\u00f3n Peronista \u201cPlan Lara\u201d<\/strong>, con adhesi\u00f3n al Frente de Todos. <strong>\u201cOlavarr\u00eda debe desarrollarse en base a lineamientos hist\u00f3ricos de planificaci\u00f3n estrat\u00e9gica\u201d dijo Guillermo Santell\u00e1n.<\/strong><\/p>\n<p>&nbsp;<\/p>\n<p>Se destac\u00f3 que sus integrantes <strong>\u201ctienen compromiso con la salud, la educaci\u00f3n y el trabajo\u201d<\/strong> y que recupera las ideas \u201cdel \u00fanico plan de desarrollo que tuvo el Partido de Olavarr\u00eda, basado en la concreci\u00f3n del Impuesto a la piedra\u201d.<\/p>\n<p>&nbsp;<\/p>\n<p>La nueva agrupaci\u00f3n dio a conocer <strong>un comunicado de presentaci\u00f3n<\/strong> y mediante el que expone su visi\u00f3n local: \u201cOlavarr\u00eda cuenta con un potencial enorme que <strong>debe enmarcarse en una planificaci\u00f3n estrat\u00e9gica<\/strong> que la convierta definitivamente en una ciudad moderna con igualdad, en la que las futuras generaciones quieran proyectar sus vidas\u201d.<\/p>\n<p>&nbsp;<\/p>\n<blockquote><p>Recordaron que \u201cfue el Peronismo quien dej\u00f3 \u00b4El Impuesto a la Piedra\u00b4, el insumo m\u00e1s importante para el Partido de Olavarr\u00eda. Grandes dirigentes como el Senador Provincial Oscar Lara, pensaron el futuro, sentando las bases para garantizar un crecimiento racional y sustentable\u201d.<\/p><\/blockquote>\n<p>&nbsp;<\/p>\n<p>Tras plantear qu\u00e9 proyecto de ciudad planteaba la instauraci\u00f3n de ese derecho, contrastaron que<strong> \u201clamentablemente hoy el impuesto a la piedra se ha convertido en un recurso que financia gastos corrientes en vez de cumplir con la misi\u00f3n hist\u00f3rica de invertirse en obras p\u00fablicas\u201d<\/strong>.<\/p>\n<p>&nbsp;<\/p>\n<p>\u201cQueremos hacer nuestro aporte para <strong>cumplir con ese hist\u00f3rico legado<\/strong>, trabajando mano a mano con las distintas vertientes del Frente de Todos para garantizar la unidad del Peronismo, llegar a cada vecino y vecina una propuesta que los incluya y convoque para hacer juntos la Olavarr\u00eda que nuestros padres y madres so\u00f1aron y nuestros hijos e hijas merecen\u201d cerr\u00f3 el comunicado.<\/p>\n","protected":false},"excerpt":{"rendered":"<p>Est\u00e1 conformado por quienes adhieren al Frente de Todos. \u201cOlavarr\u00eda debe desarrollarse en base a lineamientos hist\u00f3ricos de planificaci\u00f3n estrat\u00e9gica\u201d<\/p>\n","protected":false},"author":4,"featured_media":52699,"comment_status":"closed","ping_status":"closed","sticky":false,"template":"","format":"standard","meta":{"_jetpack_memberships_contains_paid_content":false,"footnotes":""},"categories":[4,1],"tags":[],"class_list":["post-52698","post","type-post","status-publish","format-standard","has-post-thumbnail","hentry","category-politica","category-portada"],"jetpack_featured_media_url":"https:\/\/i0.wp.com\/cdnoticias.com\/wp-content\/uploads\/2022\/04\/Agrupacion-Peronista-PLAN-LARA.jpeg?fit=1176%2C628&ssl=1","jetpack_sharing_enabled":true,"_links":{"self":[{"href":"https:\/\/cdnoticias.com\/index.php\/wp-json\/wp\/v2\/posts\/52698","targetHints":{"allow":["GET"]}}],"collection":[{"href":"https:\/\/cdnoticias.com\/index.php\/wp-json\/wp\/v2\/posts"}],"about":[{"href":"https:\/\/cdnoticias.com\/index.php\/wp-json\/wp\/v2\/types\/post"}],"author":[{"embeddable":true,"href":"https:\/\/cdnoticias.com\/index.php\/wp-json\/wp\/v2\/users\/4"}],"replies":[{"embeddable":true,"href":"https:\/\/cdnoticias.com\/index.php\/wp-json\/wp\/v2\/comments?post=52698"}],"version-history":[{"count":0,"href":"https:\/\/cdnoticias.com\/index.php\/wp-json\/wp\/v2\/posts\/52698\/revisions"}],"wp:featuredmedia":[{"embeddable":true,"href":"https:\/\/cdnoticias.com\/index.php\/wp-json\/wp\/v2\/media\/52699"}],"wp:attachment":[{"href":"https:\/\/cdnoticias.com\/index.php\/wp-json\/wp\/v2\/media?parent=52698"}],"wp:term":[{"taxonomy":"category","embeddable":true,"href":"https:\/\/cdnoticias.com\/index.php\/wp-json\/wp\/v2\/categories?post=52698"},{"taxonomy":"post_tag","embeddable":true,"href":"https:\/\/cdnoticias.com\/index.php\/wp-json\/wp\/v2\/tags?post=52698"}],"curies":[{"name":"wp","href":"https:\/\/api.w.org\/{rel}","templated":true}]}}