{"id":52686,"date":"2022-04-24T22:19:00","date_gmt":"2022-04-25T11:07:44","guid":{"rendered":"https:\/\/www.centraldenoticias.com.ar\/?p=52686"},"modified":"2025-02-02T12:09:35","modified_gmt":"2025-02-02T15:09:35","slug":"el-chaira-volvio-a-ganar-y-se-aseguro-el-segundo-puesto-de-la-zona","status":"publish","type":"post","link":"https:\/\/cdnoticias.com\/index.php\/2022\/04\/24\/el-chaira-volvio-a-ganar-y-se-aseguro-el-segundo-puesto-de-la-zona\/","title":{"rendered":"El \u201cChaira\u201d volvi\u00f3 a ganar y se asegur\u00f3 el segundo puesto de la zona"},"content":{"rendered":"<p><span style=\"font-weight: 400;\">En la continuidad de la Liga Federal de B\u00e1squetbol, Racing mostr\u00f3 un gran rendimiento colectivo y super\u00f3 por 74 a 53 a Col\u00f3n de Chivilcoy en el Parque Olavarr\u00eda. <\/span><!--more--><\/p>\n<hr \/>\n<p><span style=\"font-weight: 400;\"><strong>El elenco de Mat\u00edas Orlando se qued\u00f3 con un duelo clave y que necesitaba para asegurarse la segunda mejor posici\u00f3n de la Regi\u00f3n Bonaerense<\/strong>. Fue triunfo finalmente por 74 a 53 ante Col\u00f3n de Chivilcoy, con un gran partido de <strong>Mart\u00edn Delgado que fue el goleador \u201cchaira\u201d con 22 unidades, seguido de Gianluca Nolasco con 15 puntos<\/strong>.<\/span><\/p>\n<p>&nbsp;<\/p>\n<p><span style=\"font-weight: 400;\">Fue un gran primer cuarto para el elenco de la \u201cestrellita\u201d. Es que Concret\u00f3 varias ofensivas por medio de Delgado en la zona interna y consigui\u00f3 sacar una distancia de 8 puntos en el tanteador a mitad del parcial. Por su parte, en la faceta defensiva, le cerr\u00f3 el aro a Col\u00f3n y corri\u00f3 la cancha para aumentar el score a puro goleo dentro y fuera de la medialuna.<\/span><\/p>\n<p>&nbsp;<\/p>\n<p><span style=\"font-weight: 400;\">Posteriormente, al \u201cchaira\u201d le cost\u00f3 seguir el ritmo ofensivo en los primeros minutos del segundo per\u00edodo, al contrario del conjunto de Chivilcoy, que pudo recortar distancias convirtiendo desde la pintura. Tiempo despu\u00e9s, los de Orlando consiguieron destrabar su juego ofensivo con tiros de larga distancia que le dieron la potestad de volver a alejarse e irse ganando al descanso largo.<\/span><\/p>\n<p>&nbsp;<\/p>\n<p>[soliloquy slug=&#8221;racing-colon-federal-2&#8243;]<\/p>\n<p>&nbsp;<\/p>\n<p><span style=\"font-weight: 400;\">En el arranque del complemento hubo goleo parejo, aunque los dirigidos por Beguer\u00ede se mostraron un poco m\u00e1s claros en las transiciones ofensivas. De hecho, fue un gran cuarto para Col\u00f3n porque estuvo efectivo en el poste bajo con Quiroga, art\u00edfice de puntos para el descuento de la visita.<\/span><\/p>\n<p>&nbsp;<\/p>\n<p><span style=\"font-weight: 400;\">En el \u00faltimo parcial, el elenco olavarriense volvi\u00f3 a mostrar su gran poder\u00edo en ataque, recuperando en defensa y concretando con tiros desde los 6,75 metros de la mano de Weisbeck y Delgado para llegar a una m\u00e1xima diferencia de 20 puntos en el electr\u00f3nico. Aprovechando la ventaja, Racing apost\u00f3 al juego estacionado para consumir los segundos, cuidar el resultado y llevarse una importante victoria para asegurarse la segunda colocaci\u00f3n del grupo 1 de la Regi\u00f3n Bonaerense.<\/span><\/p>\n<p>&nbsp;<\/p>\n<p><span style=\"font-weight: 400;\">S\u00edntesis Racing \u2013 Col\u00f3n (Chivilcoy):<\/span><\/p>\n<p><span style=\"font-weight: 400;\">Estadio: Gimnasio del Parque Olavarr\u00eda.<\/span><\/p>\n<p><span style=\"font-weight: 400;\">\u00c1rbitros: Alejandro Vizca\u00edno y Luciano Maidana.<\/span><\/p>\n<p><b>Racing (74)<\/b><span style=\"font-weight: 400;\">: <\/span><b>Lorenzo (5), Nolasco (15), Delgado (22), Weisbeck (9), Castagno (5) &#8211; FI &#8211; Aman (0), V\u00e1zquez (3), Romero (5), Fornes (0), Dupin (0), Leal (7), Alonso (3). DT &#8211; Mat\u00edas Orlando.<\/b><\/p>\n<p><b>Col\u00f3n (53)<\/b><span style=\"font-weight: 400;\">: <\/span><b>Dinova (14), Del Valle (2), Debiasi (0), Romero (4), P\u00e9rez (12) &#8211; FI &#8211; Bidondo (0), Bossarelli (5), Amado (5), Bonello (0), Quiroga (11), Denicio (0), Dinardo (0). DT &#8211; El\u00edas Beguer\u00ede.<\/b><\/p>\n<p><span style=\"font-weight: 400;\">Parciales: 29 &#8211; 8; 38 &#8211; 21; 55 &#8211; 42 y 74 &#8211; 53.<\/span><\/p>\n","protected":false},"excerpt":{"rendered":"<p>En la continuidad de la Liga Federal de B\u00e1squetbol, Racing mostr\u00f3 un gran rendimiento colectivo y super\u00f3 por 74 a<\/p>\n","protected":false},"author":96739694,"featured_media":147627,"comment_status":"closed","ping_status":"closed","sticky":false,"template":"","format":"standard","meta":{"_jetpack_memberships_contains_paid_content":false,"footnotes":""},"categories":[31,1,57],"tags":[],"class_list":["post-52686","post","type-post","status-publish","format-standard","has-post-thumbnail","hentry","category-basquet","category-portada","category-torneo-federal"],"jetpack_featured_media_url":"https:\/\/i0.wp.com\/cdnoticias.com\/wp-content\/uploads\/2022\/04\/racing-colon-federal_3.jpg?fit=1280%2C853&ssl=1","jetpack_sharing_enabled":true,"_links":{"self":[{"href":"https:\/\/cdnoticias.com\/index.php\/wp-json\/wp\/v2\/posts\/52686","targetHints":{"allow":["GET"]}}],"collection":[{"href":"https:\/\/cdnoticias.com\/index.php\/wp-json\/wp\/v2\/posts"}],"about":[{"href":"https:\/\/cdnoticias.com\/index.php\/wp-json\/wp\/v2\/types\/post"}],"author":[{"embeddable":true,"href":"https:\/\/cdnoticias.com\/index.php\/wp-json\/wp\/v2\/users\/96739694"}],"replies":[{"embeddable":true,"href":"https:\/\/cdnoticias.com\/index.php\/wp-json\/wp\/v2\/comments?post=52686"}],"version-history":[{"count":0,"href":"https:\/\/cdnoticias.com\/index.php\/wp-json\/wp\/v2\/posts\/52686\/revisions"}],"wp:featuredmedia":[{"embeddable":true,"href":"https:\/\/cdnoticias.com\/index.php\/wp-json\/wp\/v2\/media\/147627"}],"wp:attachment":[{"href":"https:\/\/cdnoticias.com\/index.php\/wp-json\/wp\/v2\/media?parent=52686"}],"wp:term":[{"taxonomy":"category","embeddable":true,"href":"https:\/\/cdnoticias.com\/index.php\/wp-json\/wp\/v2\/categories?post=52686"},{"taxonomy":"post_tag","embeddable":true,"href":"https:\/\/cdnoticias.com\/index.php\/wp-json\/wp\/v2\/tags?post=52686"}],"curies":[{"name":"wp","href":"https:\/\/api.w.org\/{rel}","templated":true}]}}