{"id":5263,"date":"2020-10-30T18:58:11","date_gmt":"2020-10-30T21:58:11","guid":{"rendered":"http:\/\/www.centraldenoticias.com.ar\/?p=5263"},"modified":"2020-10-30T19:48:38","modified_gmt":"2020-10-30T22:48:38","slug":"catalina-clar-el-reconocimiento-de-su-lugar-es-lo-mas-valioso","status":"publish","type":"post","link":"https:\/\/cdnoticias.com\/index.php\/2020\/10\/30\/catalina-clar-el-reconocimiento-de-su-lugar-es-lo-mas-valioso\/","title":{"rendered":"Catalina Clar: \u201cEl reconocimiento de su lugar es lo m\u00e1s valioso\u201d"},"content":{"rendered":"<p>&nbsp;<\/p>\n<p>La madre del submarinista Diego Wagner Clar habl\u00f3 con Radio Universidad (FM 90.1) sobre el proyecto que busca que una calle de Olavarr\u00eda lleve el nombre de su hijo. Adem\u00e1s, cont\u00f3 que hablaron con los ediles sobre la causa de las escuchas telef\u00f3nicas.<!--more--><\/p>\n<hr \/>\n<p>Catalina Clar y Emilio Wagner, los pap\u00e1s del Teniente de Nav\u00edo Diego Manuel Wagner Clar, <a href=\"https:\/\/cdnoticias.com\/index.php\/2020\/10\/29\/buscan-que-una-calle-de-olavarria-lleve-el-nombre-de-diego-manuel-wagner\/\" target=\"_blank\" rel=\"noopener\">se reunieron el jueves con gran parte de los ediles en el patio del Honorable Concejo Deliberante.<\/a><\/p>\n<p>&nbsp;<\/p>\n<p>El objetivo de la visita fue avanzar en la idea que surgi\u00f3 de sus padres de colocar el nombre de Diego, uno de los 44 submarinistas que perdieron la vida en el hundimiento del ARA \u201cSan Juan\u201d, a una calle de concurrencia y visibilidad de nuestra ciudad.<\/p>\n<p>&nbsp;<\/p>\n<blockquote><p>El proyecto de ordenanza busca modificar la calle Gobernador Valent\u00edn Vergara, cuyo trazado se extiende desde Hornos hasta San Mart\u00edn y desde Sarmiento hasta Trabajadores, por el de Capit\u00e1n de Corbeta Diego Manuel Wagner.<\/p><\/blockquote>\n<p>&nbsp;<\/p>\n<p>En di\u00e1logo con <strong>Radio Universidad (FM 90.1)<\/strong> Catalina Clar asegur\u00f3 que <em>\u201ctuvimos una charla muy amena, muy cordial\u201d<\/em> y asegur\u00f3 que <strong><em>\u201ctambi\u00e9n hablamos de las escuchas telef\u00f3nicas\u201d.<\/em><\/strong><\/p>\n<p>&nbsp;<\/p>\n<p>Recordemos que meses atr\u00e1s, <a href=\"https:\/\/cdnoticias.com\/index.php\/2020\/09\/24\/familia-wagner-clar-en-la-familia-todos-fuimos-investigados\/\" target=\"_blank\" rel=\"noopener\">la propia Catalina admiti\u00f3 en entrevistas period\u00edsticas que desde la AFI de la gesti\u00f3n del presidente Macri fueron \u201cespiados\u201d como otros familiares de v\u00edctimas del hundimiento del ARA \u201cSan Juan\u201d.<\/a><\/p>\n<p>&nbsp;<\/p>\n<p><img data-recalc-dims=\"1\" loading=\"lazy\" decoding=\"async\" class=\"alignnone size-large wp-image-5179\" src=\"https:\/\/i0.wp.com\/cdnoticias.com\/wp-content\/uploads\/2020\/10\/wagner-clar-mhcd-0.jpg?resize=800%2C534&#038;ssl=1\" alt=\"\" width=\"800\" height=\"534\" srcset=\"https:\/\/i0.wp.com\/cdnoticias.com\/wp-content\/uploads\/2020\/10\/wagner-clar-mhcd-0.jpg?resize=1024%2C684&amp;ssl=1 1024w, https:\/\/i0.wp.com\/cdnoticias.com\/wp-content\/uploads\/2020\/10\/wagner-clar-mhcd-0.jpg?resize=300%2C201&amp;ssl=1 300w, https:\/\/i0.wp.com\/cdnoticias.com\/wp-content\/uploads\/2020\/10\/wagner-clar-mhcd-0.jpg?resize=768%2C513&amp;ssl=1 768w, https:\/\/i0.wp.com\/cdnoticias.com\/wp-content\/uploads\/2020\/10\/wagner-clar-mhcd-0.jpg?resize=272%2C182&amp;ssl=1 272w, https:\/\/i0.wp.com\/cdnoticias.com\/wp-content\/uploads\/2020\/10\/wagner-clar-mhcd-0.jpg?w=1600&amp;ssl=1 1600w, https:\/\/i0.wp.com\/cdnoticias.com\/wp-content\/uploads\/2020\/10\/wagner-clar-mhcd-0.jpg?w=2400&amp;ssl=1 2400w\" sizes=\"auto, (max-width: 800px) 100vw, 800px\" \/><\/p>\n<p>&nbsp;<\/p>\n<div class=\"jetpack-video-wrapper\"><iframe loading=\"lazy\" width=\"800\" height=\"450\" src=\"https:\/\/www.youtube.com\/embed\/qqWLOGB6Ids?feature=oembed\" frameborder=\"0\" allow=\"accelerometer; autoplay; clipboard-write; encrypted-media; gyroscope; picture-in-picture\" allowfullscreen><\/iframe><\/div>\n<p>&nbsp;<\/p>\n<p><strong>\u201cDiego es de ac\u00e1\u201d<\/strong><\/p>\n<p>&nbsp;<\/p>\n<p>Durante la entrevista, Catalina record\u00f3 el paso de Diego por distintas instituciones educativas. Habl\u00f3 de sus amigos, de su <em>\u201cquerida Industrial\u201d<\/em> y de los parques que tanto le gustaban: <strong><em>\u201cDiego es de ac\u00e1, \u00e9l anduvo por estas calles, le encantaba el Parque Mitre y cuando ven\u00eda siempre me dec\u00eda \u2018mam\u00e1 que linda est\u00e1 Olavarr\u00eda\u2019\u201d.<\/em><\/strong><\/p>\n<p>&nbsp;<\/p>\n<p><em>\u201cEl bautiz\u00f3 a sus hijos ac\u00e1, en la Iglesia F\u00e1tima donde se cas\u00f3. Su fiesta de casamiento la hizo en el sal\u00f3n parroquial de Colonia Hinojo. Todo el c\u00edrculo de Olavarr\u00eda siempre fue muy importante. Sus abuelos paternos de Hinojo y de Colonias Nievas\u2026 siempre hubo una relaci\u00f3n a nivel local muy fuerte\u201d<\/em>, record\u00f3.<\/p>\n<p>&nbsp;<\/p>\n<p>Por todo eso,<strong><em> \u201cel reconocimiento de su lugar es lo m\u00e1s valioso\u201d<\/em><\/strong> y agreg\u00f3: <em>\u201cuno trata de mantener viva su memoria por lo que dio de s\u00ed, por lo que se esforz\u00f3 para ser lo que lleg\u00f3 a ser, por dar el m\u00e1ximo sacrificio en un acto de servicio por la Patria. <strong>Valorarlo y que est\u00e9 presente siempre<\/strong>\u201d.<\/em><\/p>\n<p>&nbsp;<\/p>\n<p>Por \u00faltimo, mencion\u00f3 la petici\u00f3n que se est\u00e1 realizando para que <strong>el 15 de noviembre sea declarado feriado nacional<\/strong> en conmemoraci\u00f3n de la tragedia del ARA San Juan. <em>\u201cEs una petici\u00f3n que estamos haciendo todos los familiares, queremos que sea un d\u00eda de reflexi\u00f3n y espiritualidad\u201d<\/em>, asegur\u00f3 Catalina Clar.<\/p>\n<p>&nbsp;<\/p>\n<p>&nbsp;<\/p>\n","protected":false},"excerpt":{"rendered":"<p>&nbsp; La madre del submarinista Diego Wagner Clar habl\u00f3 con Radio Universidad (FM 90.1) sobre el proyecto que busca que<\/p>\n","protected":false},"author":5,"featured_media":2358,"comment_status":"closed","ping_status":"closed","sticky":false,"template":"","format":"standard","meta":{"_jetpack_memberships_contains_paid_content":false,"footnotes":""},"categories":[5,1],"tags":[],"class_list":["post-5263","post","type-post","status-publish","format-standard","has-post-thumbnail","hentry","category-informacion-general","category-portada"],"jetpack_featured_media_url":"https:\/\/i0.wp.com\/cdnoticias.com\/wp-content\/uploads\/2020\/09\/ARA-San-Juan-Wagner-Clar.jpg?fit=768%2C432&ssl=1","jetpack_sharing_enabled":true,"_links":{"self":[{"href":"https:\/\/cdnoticias.com\/index.php\/wp-json\/wp\/v2\/posts\/5263","targetHints":{"allow":["GET"]}}],"collection":[{"href":"https:\/\/cdnoticias.com\/index.php\/wp-json\/wp\/v2\/posts"}],"about":[{"href":"https:\/\/cdnoticias.com\/index.php\/wp-json\/wp\/v2\/types\/post"}],"author":[{"embeddable":true,"href":"https:\/\/cdnoticias.com\/index.php\/wp-json\/wp\/v2\/users\/5"}],"replies":[{"embeddable":true,"href":"https:\/\/cdnoticias.com\/index.php\/wp-json\/wp\/v2\/comments?post=5263"}],"version-history":[{"count":0,"href":"https:\/\/cdnoticias.com\/index.php\/wp-json\/wp\/v2\/posts\/5263\/revisions"}],"wp:featuredmedia":[{"embeddable":true,"href":"https:\/\/cdnoticias.com\/index.php\/wp-json\/wp\/v2\/media\/2358"}],"wp:attachment":[{"href":"https:\/\/cdnoticias.com\/index.php\/wp-json\/wp\/v2\/media?parent=5263"}],"wp:term":[{"taxonomy":"category","embeddable":true,"href":"https:\/\/cdnoticias.com\/index.php\/wp-json\/wp\/v2\/categories?post=5263"},{"taxonomy":"post_tag","embeddable":true,"href":"https:\/\/cdnoticias.com\/index.php\/wp-json\/wp\/v2\/tags?post=5263"}],"curies":[{"name":"wp","href":"https:\/\/api.w.org\/{rel}","templated":true}]}}