{"id":52626,"date":"2022-04-24T12:00:39","date_gmt":"2022-04-24T15:00:39","guid":{"rendered":"https:\/\/www.centraldenoticias.com.ar\/?p=52626"},"modified":"2022-04-24T12:00:39","modified_gmt":"2022-04-24T15:00:39","slug":"tiro-un-cuchillo-y-una-barreta-cuando-vio-a-la-policia-fue-capturado","status":"publish","type":"post","link":"https:\/\/cdnoticias.com\/index.php\/2022\/04\/24\/tiro-un-cuchillo-y-una-barreta-cuando-vio-a-la-policia-fue-capturado\/","title":{"rendered":"Tir\u00f3 un cuchillo y una barreta cuando vio a la Polic\u00eda: fue capturado"},"content":{"rendered":"<p>El caso se dio en Pringles y Azopardo. En tanto, una mujer fue aprehendida tras agredir a otra y amenazar a la Polic\u00eda con un cuchillo.<\/p>\n<p><!--more--><\/p>\n<hr \/>\n<p><strong>Dos personas fueron aprehendidas en las \u00faltimas horas en Olavarr\u00eda<\/strong> en el marco de distintos hechos que los tuvieron como protagonistas.<\/p>\n<p>&nbsp;<\/p>\n<p>Por un lado, se inform\u00f3 la captura de un hombre <strong>acusado por la portaci\u00f3n de elementos de utilizaci\u00f3n como arma y como ayuda para acceso a domicilios<\/strong>. En el segundo caso, una mujer fue trasladada a sede policial despu\u00e9s de agredir verbalmente a otra y amenazar a efectivos policiales con un arma blanca. Estos \u00faltimos hechos se enmarcaron en un caso de <strong>violencia familiar<\/strong>.<\/p>\n<p>&nbsp;<\/p>\n<p>Respecto del primer caso, tomaron intervenci\u00f3n el Comando de Patrullas (CPO) y la Comisar\u00eda Primera; las actuaciones se elevaron al <strong>Juzgado Correccional a cargo de la jueza Cecilia Desiata<\/strong>.<\/p>\n<p>&nbsp;<\/p>\n<p><img data-recalc-dims=\"1\" loading=\"lazy\" decoding=\"async\" class=\"size-full wp-image-52629 aligncenter\" src=\"https:\/\/i0.wp.com\/cdnoticias.com\/wp-content\/uploads\/2022\/04\/aprehendido-pringles-y-azopardoB.jpg?resize=800%2C600&#038;ssl=1\" alt=\"\" width=\"800\" height=\"600\" srcset=\"https:\/\/i0.wp.com\/cdnoticias.com\/wp-content\/uploads\/2022\/04\/aprehendido-pringles-y-azopardoB.jpg?w=800&amp;ssl=1 800w, https:\/\/i0.wp.com\/cdnoticias.com\/wp-content\/uploads\/2022\/04\/aprehendido-pringles-y-azopardoB.jpg?resize=300%2C225&amp;ssl=1 300w, https:\/\/i0.wp.com\/cdnoticias.com\/wp-content\/uploads\/2022\/04\/aprehendido-pringles-y-azopardoB.jpg?resize=768%2C576&amp;ssl=1 768w\" sizes=\"auto, (max-width: 800px) 100vw, 800px\" \/><\/p>\n<p>&nbsp;<\/p>\n<p>Se indic\u00f3 que, tras un llamado al 911 el personal lleg\u00f3 hasta <strong>Pringles y Azopardo donde detuvieron a un joven de 23 a\u00f1os<\/strong> quien, cuando advirti\u00f3 la llegada de la Polic\u00eda, <strong>se descart\u00f3 de un cuchillo y una barreta met\u00e1lica<\/strong>. Ambos elementos fueron recogidos.<\/p>\n<p>&nbsp;<\/p>\n<p>Se iniciaron actuaciones por<strong> \u201cinfracci\u00f3n a los art\u00edculos 42 y 55 de la Ley 8.031\u201d<\/strong>. El primero de ellos refiere a quien \u201cportare \u2013fuera de su domicilio o dependencia privada- <strong>arma<\/strong> de las no comprendidas en los alcances de la Ley Nacional 20.429\u201d sin permiso correspondiente. El art\u00edculo 55 prev\u00e9 penas para quien \u201ctuviere en su poder<strong> llave alterada o contrahecha, o bien llaves genuinas o instrumentos aptos para abrir o forzar cerraduras<\/strong> sin justificar su posesi\u00f3n\u201d.<\/p>\n<p>&nbsp;<\/p>\n<p>En el segundo caso la aprehendida es una mujer quien <strong>agredi\u00f3 verbalmente a su suegra en calle 15 al 4600<\/strong>.<\/p>\n<p>&nbsp;<\/p>\n<p><img data-recalc-dims=\"1\" loading=\"lazy\" decoding=\"async\" class=\"size-full wp-image-52627 aligncenter\" src=\"https:\/\/i0.wp.com\/cdnoticias.com\/wp-content\/uploads\/2022\/04\/aprehendida-calle-15-al-4600A.jpg?resize=800%2C445&#038;ssl=1\" alt=\"\" width=\"800\" height=\"445\" srcset=\"https:\/\/i0.wp.com\/cdnoticias.com\/wp-content\/uploads\/2022\/04\/aprehendida-calle-15-al-4600A.jpg?w=800&amp;ssl=1 800w, https:\/\/i0.wp.com\/cdnoticias.com\/wp-content\/uploads\/2022\/04\/aprehendida-calle-15-al-4600A.jpg?resize=300%2C167&amp;ssl=1 300w, https:\/\/i0.wp.com\/cdnoticias.com\/wp-content\/uploads\/2022\/04\/aprehendida-calle-15-al-4600A.jpg?resize=768%2C427&amp;ssl=1 768w\" sizes=\"auto, (max-width: 800px) 100vw, 800px\" \/><\/p>\n<p>&nbsp;<\/p>\n<p>All\u00ed fueron convocados efectivos policiales y, a su llegada, <strong>la acusada rompi\u00f3 un vidrio de la ventana de la vivienda y luego sac\u00f3 de entre sus prendas un cuchillo con el que amenaz\u00f3 a los uniformados<\/strong>.<\/p>\n<p>&nbsp;<\/p>\n<p>La acusada, de 34 a\u00f1os, <strong>fue aprehendida<\/strong>. Se indic\u00f3 que al momento de proceder con esta medida, la mujer intent\u00f3 resistirse y arroj\u00f3 golpes sin ocasionar lesiones a los uniformados.<\/p>\n<p>&nbsp;<\/p>\n<p>Se iniciaron actuaciones por <strong>\u201cda\u00f1o y amenazas agravada in fraganti delito, atentado y resistencia a la autoridad\u201d<\/strong>. Interviene la UFI N\u00ba 5 a cargo de la fiscal Viviana Beyt\u00eda, especializada en violencia familiar y de g\u00e9nero.<\/p>\n","protected":false},"excerpt":{"rendered":"<p>El caso se dio en Pringles y Azopardo. En tanto, una mujer fue aprehendida tras agredir a otra y amenazar<\/p>\n","protected":false},"author":4,"featured_media":52628,"comment_status":"closed","ping_status":"closed","sticky":false,"template":"","format":"standard","meta":{"_jetpack_memberships_contains_paid_content":false,"footnotes":""},"categories":[14,1],"tags":[],"class_list":["post-52626","post","type-post","status-publish","format-standard","has-post-thumbnail","hentry","category-policiales","category-portada"],"jetpack_featured_media_url":"https:\/\/i0.wp.com\/cdnoticias.com\/wp-content\/uploads\/2022\/04\/aprehendido-pringles-y-azopardoA.jpg?fit=800%2C445&ssl=1","jetpack_sharing_enabled":true,"_links":{"self":[{"href":"https:\/\/cdnoticias.com\/index.php\/wp-json\/wp\/v2\/posts\/52626","targetHints":{"allow":["GET"]}}],"collection":[{"href":"https:\/\/cdnoticias.com\/index.php\/wp-json\/wp\/v2\/posts"}],"about":[{"href":"https:\/\/cdnoticias.com\/index.php\/wp-json\/wp\/v2\/types\/post"}],"author":[{"embeddable":true,"href":"https:\/\/cdnoticias.com\/index.php\/wp-json\/wp\/v2\/users\/4"}],"replies":[{"embeddable":true,"href":"https:\/\/cdnoticias.com\/index.php\/wp-json\/wp\/v2\/comments?post=52626"}],"version-history":[{"count":0,"href":"https:\/\/cdnoticias.com\/index.php\/wp-json\/wp\/v2\/posts\/52626\/revisions"}],"wp:featuredmedia":[{"embeddable":true,"href":"https:\/\/cdnoticias.com\/index.php\/wp-json\/wp\/v2\/media\/52628"}],"wp:attachment":[{"href":"https:\/\/cdnoticias.com\/index.php\/wp-json\/wp\/v2\/media?parent=52626"}],"wp:term":[{"taxonomy":"category","embeddable":true,"href":"https:\/\/cdnoticias.com\/index.php\/wp-json\/wp\/v2\/categories?post=52626"},{"taxonomy":"post_tag","embeddable":true,"href":"https:\/\/cdnoticias.com\/index.php\/wp-json\/wp\/v2\/tags?post=52626"}],"curies":[{"name":"wp","href":"https:\/\/api.w.org\/{rel}","templated":true}]}}