{"id":52556,"date":"2022-04-23T19:00:55","date_gmt":"2022-04-23T22:00:55","guid":{"rendered":"https:\/\/www.centraldenoticias.com.ar\/?p=52556"},"modified":"2022-04-23T19:00:55","modified_gmt":"2022-04-23T22:00:55","slug":"pinos-de-paz-avanzan-las-obras-en-el-edificio-ubicado-en-calle-espana","status":"publish","type":"post","link":"https:\/\/cdnoticias.com\/index.php\/2022\/04\/23\/pinos-de-paz-avanzan-las-obras-en-el-edificio-ubicado-en-calle-espana\/","title":{"rendered":"Pinos de Paz: avanzan las obras en el edificio ubicado en calle Espa\u00f1a"},"content":{"rendered":"<p>De acuerdo al avance de las tareas, se estima que en el mes de junio ser\u00e1n habilitadas nuevas instalaciones.<!--more--><\/p>\n<hr \/>\n<p>&nbsp;<\/p>\n<p>En el <strong>edificio de Pinos de Paz, ubicado en Espa\u00f1a N\u00b0 294<\/strong>2 se est\u00e1n realizando<strong> tareas de remodelaci\u00f3n y ampliaci\u00f3n<\/strong> &#8220;con la premisa de <strong>brindar una excelente prestaci\u00f3n y calidad de servicio a las familia<\/strong>s de Olavarr\u00eda y las localidades&#8221; se indic\u00f3.<\/p>\n<p>&nbsp;<\/p>\n<p>La<strong> obra fue divida en etapas<\/strong> y pr\u00f3ximamente culminar\u00e1 la <strong>remodelaci\u00f3n de las actuales Salas A y<\/strong> B que tienen acceso por calle Espa\u00f1a y la <strong>construcci\u00f3n de otras dos salas velatorias<\/strong> que ser\u00e1n anexadas al servicio. De acuerdo al avance de las tareas, se estima que <strong>en el mes de junio ser\u00e1n habilitadas estas nuevas instalaciones.<\/strong><\/p>\n<p>&nbsp;<\/p>\n<p>El <strong>trabajo de infraestructura comenz\u00f3 a ejecutarse a fines del a\u00f1o 2021<\/strong> con la nivelaci\u00f3n del terreno, la apertura de los cimientos y la colocaci\u00f3n de hierros para columnas y bases fundacionales. Posteriormente se llevaron a cabo las tareas de construcci\u00f3n de las nuevas salas, el techado de las mismas, se colocaron aberturas, pisos y revestimientos, se realizaron tareas el\u00e9ctricas y de plomer\u00eda, se instalaron grifer\u00edas, sanitarios, aires acondicionados, entre otras cosas.<\/p>\n<p>&nbsp;<\/p>\n<p><img data-recalc-dims=\"1\" loading=\"lazy\" decoding=\"async\" class=\"aligncenter wp-image-52558 size-large\" src=\"https:\/\/i0.wp.com\/cdnoticias.com\/wp-content\/uploads\/2022\/04\/Avances-de-obra-02.jpeg?resize=800%2C360&#038;ssl=1\" alt=\"\" width=\"800\" height=\"360\" srcset=\"https:\/\/i0.wp.com\/cdnoticias.com\/wp-content\/uploads\/2022\/04\/Avances-de-obra-02.jpeg?resize=1024%2C461&amp;ssl=1 1024w, https:\/\/i0.wp.com\/cdnoticias.com\/wp-content\/uploads\/2022\/04\/Avances-de-obra-02.jpeg?resize=300%2C135&amp;ssl=1 300w, https:\/\/i0.wp.com\/cdnoticias.com\/wp-content\/uploads\/2022\/04\/Avances-de-obra-02.jpeg?resize=768%2C346&amp;ssl=1 768w, https:\/\/i0.wp.com\/cdnoticias.com\/wp-content\/uploads\/2022\/04\/Avances-de-obra-02.jpeg?w=1280&amp;ssl=1 1280w\" sizes=\"auto, (max-width: 800px) 100vw, 800px\" \/><\/p>\n<p>&nbsp;<\/p>\n<p>Una vez finalizada la etapa que se encuentra en proceso<strong> se dar\u00e1 inici\u00f3 a la siguiente fas<\/strong>e, dado que el proyecto contempla adem\u00e1s la construcci\u00f3n de un dep\u00f3sito para ata\u00fades con una capacidad de 100 a 150 unidades en el primer piso con acceso por autoelevador; estacionamiento, remodelaci\u00f3n y reubicaci\u00f3n de oficinas administrativas, ba\u00f1os y vestuarios para el personal.<\/p>\n<p>&nbsp;<\/p>\n<p>\u201c<strong>Esta inversi\u00f3n pone de manifiesto el compromiso asumido con las familias adheridas a los Servicios de Velatorio<\/strong>, <strong>trabajamos d\u00eda a d\u00eda para mejorar la calidad de nuestra prestaci\u00f3n<\/strong>\u201d sostuvo el presidente del Directorio de Pinos de Paz Jos\u00e9 Maceo.<\/p>\n<p>&nbsp;<\/p>\n<p>En tanto, el presidente del Consejo de Administraci\u00f3n de Coopelectric expres\u00f3 \u201ces una satisfacci\u00f3n ver materializado el trabajo que se planifica desde Pinos de Paz\u201d y finalmente a\u00f1adi\u00f3 \u201c<strong>es muy importante brindar un espacio confortable y una gran calidad de atenci\u00f3n a las familias que atraviesan la p\u00e9rdida de un ser querido\u201d.<\/strong><\/p>\n","protected":false},"excerpt":{"rendered":"<p>De acuerdo al avance de las tareas, se estima que en el mes de junio ser\u00e1n habilitadas nuevas instalaciones.<\/p>\n","protected":false},"author":6,"featured_media":52557,"comment_status":"closed","ping_status":"closed","sticky":false,"template":"","format":"standard","meta":{"_jetpack_memberships_contains_paid_content":false,"footnotes":""},"categories":[5,1],"tags":[],"class_list":["post-52556","post","type-post","status-publish","format-standard","has-post-thumbnail","hentry","category-informacion-general","category-portada"],"jetpack_featured_media_url":"https:\/\/i0.wp.com\/cdnoticias.com\/wp-content\/uploads\/2022\/04\/Avances-de-obra-01.jpeg?fit=1280%2C576&ssl=1","jetpack_sharing_enabled":true,"_links":{"self":[{"href":"https:\/\/cdnoticias.com\/index.php\/wp-json\/wp\/v2\/posts\/52556","targetHints":{"allow":["GET"]}}],"collection":[{"href":"https:\/\/cdnoticias.com\/index.php\/wp-json\/wp\/v2\/posts"}],"about":[{"href":"https:\/\/cdnoticias.com\/index.php\/wp-json\/wp\/v2\/types\/post"}],"author":[{"embeddable":true,"href":"https:\/\/cdnoticias.com\/index.php\/wp-json\/wp\/v2\/users\/6"}],"replies":[{"embeddable":true,"href":"https:\/\/cdnoticias.com\/index.php\/wp-json\/wp\/v2\/comments?post=52556"}],"version-history":[{"count":0,"href":"https:\/\/cdnoticias.com\/index.php\/wp-json\/wp\/v2\/posts\/52556\/revisions"}],"wp:featuredmedia":[{"embeddable":true,"href":"https:\/\/cdnoticias.com\/index.php\/wp-json\/wp\/v2\/media\/52557"}],"wp:attachment":[{"href":"https:\/\/cdnoticias.com\/index.php\/wp-json\/wp\/v2\/media?parent=52556"}],"wp:term":[{"taxonomy":"category","embeddable":true,"href":"https:\/\/cdnoticias.com\/index.php\/wp-json\/wp\/v2\/categories?post=52556"},{"taxonomy":"post_tag","embeddable":true,"href":"https:\/\/cdnoticias.com\/index.php\/wp-json\/wp\/v2\/tags?post=52556"}],"curies":[{"name":"wp","href":"https:\/\/api.w.org\/{rel}","templated":true}]}}