{"id":52552,"date":"2022-04-23T18:27:20","date_gmt":"2022-04-23T21:27:20","guid":{"rendered":"https:\/\/www.centraldenoticias.com.ar\/?p=52552"},"modified":"2022-04-23T18:27:20","modified_gmt":"2022-04-23T21:27:20","slug":"foro-olavarria-fr-presenta-el-videoclip-de-la-cantante-paloma-pacheco","status":"publish","type":"post","link":"https:\/\/cdnoticias.com\/index.php\/2022\/04\/23\/foro-olavarria-fr-presenta-el-videoclip-de-la-cantante-paloma-pacheco\/","title":{"rendered":"Foro Olavarr\u00eda &#8211; FR presenta el videoclip de la cantante Paloma Pacheco"},"content":{"rendered":"<p>La cantante olavarriense edit\u00f3 una versi\u00f3n de \u201cPato sirir\u00ed\u201d. Se encuentra disponible desde este s\u00e1bado por el canal de YouTube del Foro Olavarr\u00eda.<!--more--><\/p>\n<hr \/>\n<p>&nbsp;<\/p>\n<p><strong>Foro Olavarr\u00eda &#8211; Frente Renovador<\/strong> contin\u00faa <strong>apoyando la actividad cultural y de los artistas locales<\/strong> a trav\u00e9s de su canal de <strong>YouTube<\/strong>. En esta oportunidad, presenta a <strong>Paloma Pacheco<\/strong> y su interpretaci\u00f3n del cl\u00e1sico folkl\u00f3rico <strong>\u201cPato sirir\u00ed\u201d.<\/strong><\/p>\n<p>&nbsp;<\/p>\n<p>La banda que acompa\u00f1a a Paloma Pacheco est\u00e1 conformada por Osvaldo Prado en guitarra, Adolfo Giacomino en teclado y Luis Burgos en bombo. Fue grabado y mezclado en Estudio El Santuario de Agust\u00edn Ramos, mientras que la filmaci\u00f3n y edici\u00f3n de video estuvo a cargo de Javier Bou.<\/p>\n<p>&nbsp;<\/p>\n<p><strong>Paloma Pacheco naci\u00f3 en Olavarr\u00eda hace 26 a\u00f1os.<\/strong> \u201cMe gusta cantar desde siempre. <strong>Mi hobby es escuchar y cantar canciones folkl\u00f3ricas de nuestro pa\u00eds\u201d,<\/strong> afirm\u00f3 la joven cantante. <strong>Su pasi\u00f3n por el folklore<\/strong> naci\u00f3 de la mano de cantautores como Horacio Guaran\u00ed, Jos\u00e9 Larralde, Jaime D\u00e1valos, entre otros.<\/p>\n<p>&nbsp;<\/p>\n<p>Acerca de su versi\u00f3n de <strong>\u201cPato sirir\u00ed\u201d<\/strong>, Paloma se\u00f1al\u00f3 que \u201cqueremos compartir con nuestra gente nuestro sue\u00f1o de interpretar, con respeto y dedicaci\u00f3n, nuestras costumbres\u201d.<\/p>\n<p>&nbsp;<\/p>\n<p><strong>Eduardo Rodr\u00edguez<\/strong> <strong>puso en valor a los nuevos artistas de Olavarr\u00eda<\/strong> que \u201ccomo Paloma y en distintas disciplinas, vienen surgiendo y construyendo sus producciones con el acompa\u00f1amiento del p\u00fablico\u201d.<\/p>\n<p>&nbsp;<\/p>\n<p>Para <strong>disfrutar de esta producci\u00f3n pueden ingresar al siguiente enlace<\/strong>: https:\/\/youtu.be\/oTyLaPyhjzI<\/p>\n<p>&nbsp;<\/p>\n<p>Para m\u00e1s informaci\u00f3n de las actividades del Foro Olavarr\u00eda &#8211; Frente Renovador pueden acercarse a la <strong>Casa Eduardo \u201cChino\u201d Correa ubicada en la calle Belgrano al 3222, de lunes a viernes de 9:00 a 13:0<\/strong>0 o contactarse mediante los siguientes canales de comunicaci\u00f3n:<\/p>\n<p>&nbsp;<\/p>\n<p><strong>P\u00e1gina web:<\/strong> https:\/\/www.foroolavarria.org<\/p>\n<p>&nbsp;<\/p>\n<p><strong>WhatsApp:<\/strong> 2284-554873<\/p>\n<p>&nbsp;<\/p>\n<p><strong>Mail:<\/strong> foroolavarria@gmail.com<\/p>\n<p>&nbsp;<\/p>\n","protected":false},"excerpt":{"rendered":"<p>La cantante olavarriense edit\u00f3 una versi\u00f3n de \u201cPato sirir\u00ed\u201d. Se encuentra disponible desde este s\u00e1bado por el canal de YouTube<\/p>\n","protected":false},"author":6,"featured_media":52553,"comment_status":"closed","ping_status":"closed","sticky":false,"template":"","format":"standard","meta":{"_jetpack_memberships_contains_paid_content":false,"footnotes":""},"categories":[5,1],"tags":[],"class_list":["post-52552","post","type-post","status-publish","format-standard","has-post-thumbnail","hentry","category-informacion-general","category-portada"],"jetpack_featured_media_url":"https:\/\/i0.wp.com\/cdnoticias.com\/wp-content\/uploads\/2022\/04\/Paloma-Pacecho.jpg?fit=800%2C500&ssl=1","jetpack_sharing_enabled":true,"_links":{"self":[{"href":"https:\/\/cdnoticias.com\/index.php\/wp-json\/wp\/v2\/posts\/52552","targetHints":{"allow":["GET"]}}],"collection":[{"href":"https:\/\/cdnoticias.com\/index.php\/wp-json\/wp\/v2\/posts"}],"about":[{"href":"https:\/\/cdnoticias.com\/index.php\/wp-json\/wp\/v2\/types\/post"}],"author":[{"embeddable":true,"href":"https:\/\/cdnoticias.com\/index.php\/wp-json\/wp\/v2\/users\/6"}],"replies":[{"embeddable":true,"href":"https:\/\/cdnoticias.com\/index.php\/wp-json\/wp\/v2\/comments?post=52552"}],"version-history":[{"count":0,"href":"https:\/\/cdnoticias.com\/index.php\/wp-json\/wp\/v2\/posts\/52552\/revisions"}],"wp:featuredmedia":[{"embeddable":true,"href":"https:\/\/cdnoticias.com\/index.php\/wp-json\/wp\/v2\/media\/52553"}],"wp:attachment":[{"href":"https:\/\/cdnoticias.com\/index.php\/wp-json\/wp\/v2\/media?parent=52552"}],"wp:term":[{"taxonomy":"category","embeddable":true,"href":"https:\/\/cdnoticias.com\/index.php\/wp-json\/wp\/v2\/categories?post=52552"},{"taxonomy":"post_tag","embeddable":true,"href":"https:\/\/cdnoticias.com\/index.php\/wp-json\/wp\/v2\/tags?post=52552"}],"curies":[{"name":"wp","href":"https:\/\/api.w.org\/{rel}","templated":true}]}}