{"id":52474,"date":"2022-04-22T17:52:13","date_gmt":"2022-04-22T20:52:13","guid":{"rendered":"https:\/\/www.centraldenoticias.com.ar\/?p=52474"},"modified":"2022-04-22T17:55:51","modified_gmt":"2022-04-22T20:55:51","slug":"un-auto-arrollo-a-dos-ciclistas-una-persona-herida","status":"publish","type":"post","link":"https:\/\/cdnoticias.com\/index.php\/2022\/04\/22\/un-auto-arrollo-a-dos-ciclistas-una-persona-herida\/","title":{"rendered":"Un auto arroll\u00f3 a dos ciclistas: una persona herida"},"content":{"rendered":"<p>El hecho se registr\u00f3 en la tarde de este viernes en el cruce de calles Coronel Su\u00e1rez e Independencia. <!--more--><\/p>\n<hr \/>\n<p>En la jornada de este viernes, <strong>un veh\u00edculo impact\u00f3 contra dos ciclistas e hiri\u00f3 a una de ellas en el cruce de calles Coronel Su\u00e1rez e Independencia.<\/strong><\/p>\n<p>&nbsp;<\/p>\n<blockquote><p>Seg\u00fan se explic\u00f3 en el lugar, el auto, un Volkswagen Gol, no pudo evitar impactar contra las bicicletas, que cayeron al piso producto del golpe.<\/p><\/blockquote>\n<p>&nbsp;<\/p>\n<p><strong>Una ambulancia del SAME traslad\u00f3 a la persona herida al Hospital Municipal<\/strong> donde qued\u00f3 en observaci\u00f3n a la espera de la evoluci\u00f3n de los golpes recibidos tras el accidente.<\/p>\n<p>&nbsp;<\/p>\n<p><img data-recalc-dims=\"1\" loading=\"lazy\" decoding=\"async\" class=\"alignnone size-large wp-image-52475\" src=\"https:\/\/i0.wp.com\/cdnoticias.com\/wp-content\/uploads\/2022\/04\/accide1.jpg?resize=800%2C480&#038;ssl=1\" alt=\"\" width=\"800\" height=\"480\" srcset=\"https:\/\/i0.wp.com\/cdnoticias.com\/wp-content\/uploads\/2022\/04\/accide1.jpg?resize=1024%2C614&amp;ssl=1 1024w, https:\/\/i0.wp.com\/cdnoticias.com\/wp-content\/uploads\/2022\/04\/accide1.jpg?resize=300%2C180&amp;ssl=1 300w, https:\/\/i0.wp.com\/cdnoticias.com\/wp-content\/uploads\/2022\/04\/accide1.jpg?resize=768%2C461&amp;ssl=1 768w, https:\/\/i0.wp.com\/cdnoticias.com\/wp-content\/uploads\/2022\/04\/accide1.jpg?w=1152&amp;ssl=1 1152w\" sizes=\"auto, (max-width: 800px) 100vw, 800px\" \/><\/p>\n<p>&nbsp;<\/p>\n<p>Cabe se\u00f1alar que, tras la intervenci\u00f3n del Comando de Patrullas y hasta tanto no se sepa el parte m\u00e9dico de la joven herida,<strong> se encuentra cortada Independencia hacia Del Valle y el tr\u00e1nsito est\u00e1 reducido en los dem\u00e1s cruces.<\/strong><\/p>\n","protected":false},"excerpt":{"rendered":"<p>El hecho se registr\u00f3 en la tarde de este viernes en el cruce de calles Coronel Su\u00e1rez e Independencia.<\/p>\n","protected":false},"author":2,"featured_media":52476,"comment_status":"closed","ping_status":"closed","sticky":false,"template":"","format":"standard","meta":{"_jetpack_memberships_contains_paid_content":false,"footnotes":""},"categories":[14,1],"tags":[],"class_list":["post-52474","post","type-post","status-publish","format-standard","has-post-thumbnail","hentry","category-policiales","category-portada"],"jetpack_featured_media_url":"https:\/\/i0.wp.com\/cdnoticias.com\/wp-content\/uploads\/2022\/04\/accide2.jpg?fit=1152%2C692&ssl=1","jetpack_sharing_enabled":true,"_links":{"self":[{"href":"https:\/\/cdnoticias.com\/index.php\/wp-json\/wp\/v2\/posts\/52474","targetHints":{"allow":["GET"]}}],"collection":[{"href":"https:\/\/cdnoticias.com\/index.php\/wp-json\/wp\/v2\/posts"}],"about":[{"href":"https:\/\/cdnoticias.com\/index.php\/wp-json\/wp\/v2\/types\/post"}],"author":[{"embeddable":true,"href":"https:\/\/cdnoticias.com\/index.php\/wp-json\/wp\/v2\/users\/2"}],"replies":[{"embeddable":true,"href":"https:\/\/cdnoticias.com\/index.php\/wp-json\/wp\/v2\/comments?post=52474"}],"version-history":[{"count":0,"href":"https:\/\/cdnoticias.com\/index.php\/wp-json\/wp\/v2\/posts\/52474\/revisions"}],"wp:featuredmedia":[{"embeddable":true,"href":"https:\/\/cdnoticias.com\/index.php\/wp-json\/wp\/v2\/media\/52476"}],"wp:attachment":[{"href":"https:\/\/cdnoticias.com\/index.php\/wp-json\/wp\/v2\/media?parent=52474"}],"wp:term":[{"taxonomy":"category","embeddable":true,"href":"https:\/\/cdnoticias.com\/index.php\/wp-json\/wp\/v2\/categories?post=52474"},{"taxonomy":"post_tag","embeddable":true,"href":"https:\/\/cdnoticias.com\/index.php\/wp-json\/wp\/v2\/tags?post=52474"}],"curies":[{"name":"wp","href":"https:\/\/api.w.org\/{rel}","templated":true}]}}