{"id":52457,"date":"2022-04-22T15:58:09","date_gmt":"2022-04-22T18:58:09","guid":{"rendered":"https:\/\/www.centraldenoticias.com.ar\/?p=52457"},"modified":"2022-04-22T15:58:09","modified_gmt":"2022-04-22T18:58:09","slug":"tuvi-firmaron-los-adjudicatarios-de-las-viviendas-industrializadas","status":"publish","type":"post","link":"https:\/\/cdnoticias.com\/index.php\/2022\/04\/22\/tuvi-firmaron-los-adjudicatarios-de-las-viviendas-industrializadas\/","title":{"rendered":"TUVI: firmaron los adjudicatarios de las viviendas industrializadas"},"content":{"rendered":"<p>La r\u00fabrica se concret\u00f3 este viernes por la ma\u00f1ana. Estuvieron presentes el secretario de Mantenimiento y Obras P\u00fablicas, el subsecretario de Legal y T\u00e9cnica y la coordinadora del Programa Tu.Vi.<!--more--><\/p>\n<hr \/>\n<p>Este viernes por la ma\u00f1ana, con sede en el Sal\u00f3n Blanco del Palacio San Mart\u00edn, se llev\u00f3 a cabo la<strong> firma de los convenios correspondiente a las viviendas industrializadas del Programa Tu.Vi, que se emplazan en el barrio Pickelado.<\/strong><\/p>\n<p>&nbsp;<\/p>\n<p>El acto administrativo fue encabezado por el secretario de Mantenimiento y Obras P\u00fablicas Julio Ferraro, el subsecretario de Legal y T\u00e9cnica Marcelo Fabbi, la coordinadora del Programa Tu.Vi Daniela De Martino y cont\u00f3 con la presencia de las familias adjudicadas.<\/p>\n<p>&nbsp;<\/p>\n<p><img data-recalc-dims=\"1\" loading=\"lazy\" decoding=\"async\" class=\"aligncenter size-full wp-image-52461\" src=\"https:\/\/i0.wp.com\/cdnoticias.com\/wp-content\/uploads\/2022\/04\/Firma-TUVI-5.jpg?resize=800%2C480&#038;ssl=1\" alt=\"\" width=\"800\" height=\"480\" srcset=\"https:\/\/i0.wp.com\/cdnoticias.com\/wp-content\/uploads\/2022\/04\/Firma-TUVI-5.jpg?w=1280&amp;ssl=1 1280w, https:\/\/i0.wp.com\/cdnoticias.com\/wp-content\/uploads\/2022\/04\/Firma-TUVI-5.jpg?resize=300%2C180&amp;ssl=1 300w, https:\/\/i0.wp.com\/cdnoticias.com\/wp-content\/uploads\/2022\/04\/Firma-TUVI-5.jpg?resize=1024%2C614&amp;ssl=1 1024w, https:\/\/i0.wp.com\/cdnoticias.com\/wp-content\/uploads\/2022\/04\/Firma-TUVI-5.jpg?resize=768%2C461&amp;ssl=1 768w\" sizes=\"auto, (max-width: 800px) 100vw, 800px\" \/><\/p>\n<p>&nbsp;<\/p>\n<p>Se\u00f1alaron que<strong> aquellos que no pudieron presenciar el acto, deber\u00e1n presentarse a partir del pr\u00f3ximo lunes 25 de abril, en Mesa de Entradas de la Secretar\u00eda de Mantenimiento y Obras P\u00fablicas de la Municipalidad<\/strong> (primer piso del Palacio San Mart\u00edn) para tomar la firma del adjudicatario.<\/p>\n<p>&nbsp;<\/p>\n<p><img data-recalc-dims=\"1\" loading=\"lazy\" decoding=\"async\" class=\"aligncenter size-full wp-image-52462\" src=\"https:\/\/i0.wp.com\/cdnoticias.com\/wp-content\/uploads\/2022\/04\/Firma-TUVI-6.jpg?resize=800%2C480&#038;ssl=1\" alt=\"\" width=\"800\" height=\"480\" srcset=\"https:\/\/i0.wp.com\/cdnoticias.com\/wp-content\/uploads\/2022\/04\/Firma-TUVI-6.jpg?w=1168&amp;ssl=1 1168w, https:\/\/i0.wp.com\/cdnoticias.com\/wp-content\/uploads\/2022\/04\/Firma-TUVI-6.jpg?resize=300%2C180&amp;ssl=1 300w, https:\/\/i0.wp.com\/cdnoticias.com\/wp-content\/uploads\/2022\/04\/Firma-TUVI-6.jpg?resize=1024%2C615&amp;ssl=1 1024w, https:\/\/i0.wp.com\/cdnoticias.com\/wp-content\/uploads\/2022\/04\/Firma-TUVI-6.jpg?resize=768%2C461&amp;ssl=1 768w\" sizes=\"auto, (max-width: 800px) 100vw, 800px\" \/><\/p>\n<p>&nbsp;<\/p>\n<p>El Programa Municipal Tu.Vi contempla la construcci\u00f3n de <strong>20 casas de forma tradicional y 20 de manera industrializada<\/strong> en barrio Pickelado. Todas ellas tendr\u00e1n 45 metros cuadrados, con todas sus instalaciones, revestimientos, solados, cielorrasos, artefactos y accesorios necesarios para un buen funcionamiento.<\/p>\n","protected":false},"excerpt":{"rendered":"<p>La r\u00fabrica se concret\u00f3 este viernes por la ma\u00f1ana. Estuvieron presentes el secretario de Mantenimiento y Obras P\u00fablicas, el subsecretario<\/p>\n","protected":false},"author":5,"featured_media":52458,"comment_status":"closed","ping_status":"closed","sticky":false,"template":"","format":"standard","meta":{"_jetpack_memberships_contains_paid_content":false,"footnotes":""},"categories":[5,1],"tags":[],"class_list":["post-52457","post","type-post","status-publish","format-standard","has-post-thumbnail","hentry","category-informacion-general","category-portada"],"jetpack_featured_media_url":"https:\/\/i0.wp.com\/cdnoticias.com\/wp-content\/uploads\/2022\/04\/Firma-TUVI-1.jpg?fit=1058%2C635&ssl=1","jetpack_sharing_enabled":true,"_links":{"self":[{"href":"https:\/\/cdnoticias.com\/index.php\/wp-json\/wp\/v2\/posts\/52457","targetHints":{"allow":["GET"]}}],"collection":[{"href":"https:\/\/cdnoticias.com\/index.php\/wp-json\/wp\/v2\/posts"}],"about":[{"href":"https:\/\/cdnoticias.com\/index.php\/wp-json\/wp\/v2\/types\/post"}],"author":[{"embeddable":true,"href":"https:\/\/cdnoticias.com\/index.php\/wp-json\/wp\/v2\/users\/5"}],"replies":[{"embeddable":true,"href":"https:\/\/cdnoticias.com\/index.php\/wp-json\/wp\/v2\/comments?post=52457"}],"version-history":[{"count":0,"href":"https:\/\/cdnoticias.com\/index.php\/wp-json\/wp\/v2\/posts\/52457\/revisions"}],"wp:featuredmedia":[{"embeddable":true,"href":"https:\/\/cdnoticias.com\/index.php\/wp-json\/wp\/v2\/media\/52458"}],"wp:attachment":[{"href":"https:\/\/cdnoticias.com\/index.php\/wp-json\/wp\/v2\/media?parent=52457"}],"wp:term":[{"taxonomy":"category","embeddable":true,"href":"https:\/\/cdnoticias.com\/index.php\/wp-json\/wp\/v2\/categories?post=52457"},{"taxonomy":"post_tag","embeddable":true,"href":"https:\/\/cdnoticias.com\/index.php\/wp-json\/wp\/v2\/tags?post=52457"}],"curies":[{"name":"wp","href":"https:\/\/api.w.org\/{rel}","templated":true}]}}