{"id":52455,"date":"2022-04-22T13:01:19","date_gmt":"2022-04-22T16:01:19","guid":{"rendered":"https:\/\/www.centraldenoticias.com.ar\/?p=52455"},"modified":"2022-04-22T13:01:19","modified_gmt":"2022-04-22T16:01:19","slug":"ricardo-pellendier-ruso-q-e-p-d","status":"publish","type":"post","link":"https:\/\/cdnoticias.com\/index.php\/2022\/04\/22\/ricardo-pellendier-ruso-q-e-p-d\/","title":{"rendered":"Ricardo Pellendier &#8220;Ruso&#8221; (Q.E.P.D.)"},"content":{"rendered":"<p>Falleci\u00f3 en Olavarr\u00eda el d\u00eda 21 de abril de 2022 a los 84 a\u00f1os de edad.<\/p>\n<p>&nbsp;<\/p>\n<p>Su esposa Rosa Mabel Restivo. Sus hijos Monica Mabel y Mauricio Ricardo Pellendier. Sus hijos pol\u00edticos Luis Vitale y Natividad De Leon. Sus nietos Roc\u00edo Vitale; Guido y Agust\u00edn Pellendier. Su hermana Imelda Pellendier. Sus hermanos pol\u00edticos. Sus sobrinos y dem\u00e1s deudos participan su fallecimiento.<\/p>\n<p>&nbsp;<\/p>\n<p>Sin velatorio. Sin responso. Inhumaci\u00f3n: Loma de Paz, viernes a las 15:30 horas. Servicio adherido a Coopelectric.<\/p>\n<p>&nbsp;<\/p>\n<p>Barrio en el que viv\u00eda: San Vicente.<\/p>\n<p>&nbsp;<\/p>\n<p>Lugar de nacimiento: Cuatrach\u00e9.<\/p>\n<p>&nbsp;<\/p>\n<p>Actividad que desarrollaba: Jubilado de Fabrica Loma Negra.<\/p>\n","protected":false},"excerpt":{"rendered":"<p>Falleci\u00f3 en Olavarr\u00eda el d\u00eda 21 de abril de 2022 a los 84 a\u00f1os de edad. &nbsp; Su esposa Rosa<\/p>\n","protected":false},"author":4,"featured_media":51544,"comment_status":"closed","ping_status":"closed","sticky":false,"template":"","format":"standard","meta":{"_jetpack_memberships_contains_paid_content":false,"footnotes":""},"categories":[10],"tags":[],"class_list":["post-52455","post","type-post","status-publish","format-standard","has-post-thumbnail","hentry","category-necrologicas"],"jetpack_featured_media_url":"https:\/\/i0.wp.com\/cdnoticias.com\/wp-content\/uploads\/2022\/04\/necrologicas-390-x-240.jpg?fit=390%2C240&ssl=1","jetpack_sharing_enabled":true,"_links":{"self":[{"href":"https:\/\/cdnoticias.com\/index.php\/wp-json\/wp\/v2\/posts\/52455","targetHints":{"allow":["GET"]}}],"collection":[{"href":"https:\/\/cdnoticias.com\/index.php\/wp-json\/wp\/v2\/posts"}],"about":[{"href":"https:\/\/cdnoticias.com\/index.php\/wp-json\/wp\/v2\/types\/post"}],"author":[{"embeddable":true,"href":"https:\/\/cdnoticias.com\/index.php\/wp-json\/wp\/v2\/users\/4"}],"replies":[{"embeddable":true,"href":"https:\/\/cdnoticias.com\/index.php\/wp-json\/wp\/v2\/comments?post=52455"}],"version-history":[{"count":0,"href":"https:\/\/cdnoticias.com\/index.php\/wp-json\/wp\/v2\/posts\/52455\/revisions"}],"wp:featuredmedia":[{"embeddable":true,"href":"https:\/\/cdnoticias.com\/index.php\/wp-json\/wp\/v2\/media\/51544"}],"wp:attachment":[{"href":"https:\/\/cdnoticias.com\/index.php\/wp-json\/wp\/v2\/media?parent=52455"}],"wp:term":[{"taxonomy":"category","embeddable":true,"href":"https:\/\/cdnoticias.com\/index.php\/wp-json\/wp\/v2\/categories?post=52455"},{"taxonomy":"post_tag","embeddable":true,"href":"https:\/\/cdnoticias.com\/index.php\/wp-json\/wp\/v2\/tags?post=52455"}],"curies":[{"name":"wp","href":"https:\/\/api.w.org\/{rel}","templated":true}]}}